{"id":12059,"date":"2020-05-19T14:23:18","date_gmt":"2020-05-19T14:23:18","guid":{"rendered":"https:\/\/www.radiopresidenteibanez.cl\/web\/?p=12059"},"modified":"2020-05-19T14:23:22","modified_gmt":"2020-05-19T14:23:22","slug":"core-aprobo-reasignacion-de-267-millones-del-6-fndr-para-proyectos-sociales-y-modificacion-al-instructivo-fril-a-fin-de-mitigar-efectos-socioeconomicos-del-covid-19","status":"publish","type":"post","link":"https:\/\/www.radiopresidenteibanez.cl\/web\/core-aprobo-reasignacion-de-267-millones-del-6-fndr-para-proyectos-sociales-y-modificacion-al-instructivo-fril-a-fin-de-mitigar-efectos-socioeconomicos-del-covid-19\/","title":{"rendered":"CORE APROB\u00d3 REASIGNACI\u00d3N DE 267 MILLONES DEL 6% FNDR PARA PROYECTOS SOCIALES Y MODIFICACI\u00d3N AL INSTRUCTIVO FRIL A FIN DE MITIGAR EFECTOS SOCIOECON\u00d3MICOS DEL COVID-19"},"content":{"rendered":"\n<p>Atendiendo el impacto\nsocioecon\u00f3mico generado por la pandemia COVID-19, el Consejo Regional de\nMagallanes y de la Ant\u00e1rtica Chilena, aprob\u00f3 por unanimidad reasignar 267\nmillones provenientes del &nbsp;Fondo Nacional\nde Desarrollo Regional, 6% FNDR destinado a Otras Entidades P\u00fablicas a\nInstituciones Privadas sin Fines de Lucro Fondo Social bajo la modalidad de\nasignaci\u00f3n directa. Estos recursos corresponden a un saldo presupuestario que completa la reasignaci\u00f3n establecida a\nprincipios de abril por el CORE de 1.187\nmillones de pesos para este fin.<\/p>\n\n\n\n<p>Asimismo los consejeros,\nsancionaron favorablemente una modificaci\u00f3n al Instructivo del Fondo Regional\nde Iniciativa Local (FRIL) con lo cual cada comuna podr\u00e1 destinar la totalidad\nde su marco presupuestario a financiar proyectos bajo la modalidad de\nadministraci\u00f3n directa,&nbsp; a diferencia de\na\u00f1os anteriores en que los municipios solo dispon\u00edan de un 30%. &nbsp;La liberaci\u00f3n de esta restricci\u00f3n persigue\nfacilitar la materializaci\u00f3n de proyectos de obras civiles que promuevan la absorci\u00f3n\nde mano de obra. <\/p>\n\n\n\n<p>El presidente de la comisi\u00f3n\nPresupuesto, Ram\u00f3n Lobos, junto con valorar la instancia \u201cen esta primera\nsesi\u00f3n on line participaron todos los consejeros conectados y pese a las\ndificultades que significa el no tener una banda ancha o una transmisi\u00f3n\napropiada para la regi\u00f3n logramos salir adelante\u201d. En materia econ\u00f3mica destac\u00f3\nque con la transferencia de estos recursos, se logra que un 11% del presupuesto\nregional (FNDR) concurra al financiamiento de iniciativas sociales. \u201cSe termin\u00f3\nde ajustar el presupuesto del 6% FNDR y traspasarlo a entidades privadas sin\nfines de lucro que desarrollan un trabajo relacionado a la resoluci\u00f3n de problem\u00e1ticas\nasociadas a la pandemia. Este a\u00f1o, el total del 6% FNDR mas el 5% ya aprobado, suman\nun 11% para la parte social. Adem\u00e1s se est\u00e1 trabajando en las distintas\ncomisiones para que con los recursos restantes y a trav\u00e9s de &nbsp;la inversi\u00f3n del Gobierno Regional se fomente la\nmano de obra y se apoye a las peque\u00f1as y medianas empresas de tal manera que\ntodo el presupuesto del a\u00f1o este orientado a trabajar en esto que estamos viviendo\u201d,\nasegur\u00f3. <\/p>\n\n\n\n<p>Por su parte el vicepresidente\nde Presupuesto, Antonio Bradasic, expres\u00f3 \u201ccomo he se\u00f1alado en otras\noportunidades, &nbsp;este consejo regional se\nencuentra a la altura de las circunstancias que marcan el presente del pa\u00eds y\nnuestra regi\u00f3n. Muchas personas han perdido su trabajo producto de esta\npandemia y necesitan apoyo para pasar este dif\u00edcil momento por eso espero que\nestos recursos lleguen pronto y no exista abuso de parte quienes no lo\nnecesitan\u201d.<\/p>\n\n\n\n<p>En relaci\u00f3n a la modificaci\u00f3n al\nInstructivo FRIL, la consejera Roxana Gallardo, se\u00f1al\u00f3 que \u201cse trata de un buen\ninstrumento porque muchas veces las familias necesitan no tanta caridad sino m\u00e1s\ndignidad y el hecho de que poder acceder a trabajos de emergencia inscribi\u00e9ndose\nen la oficinas municipales de empleo, OMIL, hace que las personas sientan la\nsatisfacci\u00f3n de que son ellos quienes llevan el sustento a su familia\u201d, apreci\u00f3\nla consejera.<\/p>\n\n\n\n<p><strong>Adelanto\nde la discusi\u00f3n presupuestaria<\/strong><\/p>\n\n\n\n<p>Finalmente, en la oportunidad\nse dio a conocer que seg\u00fan informaci\u00f3n derivada desde el ministerio de Hacienda,\nla discusi\u00f3n presupuestaria de este a\u00f1o se adelantar\u00eda un mes, situaci\u00f3n que\npreocup\u00f3 a los miembros del CORE.&nbsp; En ese\nsentido el &nbsp;presidente de la comisi\u00f3n\nPresupuesto, Ram\u00f3n Lobos, puntualiz\u00f3 \u201ccuando como pa\u00eds todav\u00eda no vemos los\nefectos de esta pandemia, cuando todav\u00eda estamos viendo c\u00f3mo solucionar el d\u00eda\na d\u00eda para muchas personas, me parece inconcebible que este Gobierno, plante\u00e9\nadelantar la discusi\u00f3n presupuestaria. Ello no da espacio operativo para que\nlos Gobiernos Regionales puedan aquilatar el impacto del COVID-19 sobre la\neconom\u00eda local y nos hace programar y decidir sobre un escenario demasiado incierto\ny la \u00fanica posibilidad de hacerlo, es que nos den la salvaguarda de poder redireccionar\nrecursos en alg\u00fan momento durante el a\u00f1o\u2026 pero construir en tres semanas un presupuesto\nregional para el 2021 me parece de una tremenda irresponsabilidad\u201d, concluy\u00f3. <\/p>\n","protected":false},"excerpt":{"rendered":"<p>Atendiendo el impacto socioecon\u00f3mico generado por la pandemia COVID-19, el Consejo Regional de Magallanes y de la Ant\u00e1rtica Chilena, aprob\u00f3 por unanimidad reasignar 267 millones provenientes del &nbsp;Fondo Nacional de&#8230; <a class=\"read-more\" href=\"https:\/\/www.radiopresidenteibanez.cl\/web\/core-aprobo-reasignacion-de-267-millones-del-6-fndr-para-proyectos-sociales-y-modificacion-al-instructivo-fril-a-fin-de-mitigar-efectos-socioeconomicos-del-covid-19\/\">Leer m\u00e1s<\/a><\/p>\n","protected":false},"author":2,"featured_media":12060,"comment_status":"closed","ping_status":"closed","sticky":false,"template":"","format":"standard","meta":{"footnotes":""},"categories":[1],"tags":[],"class_list":["post-12059","post","type-post","status-publish","format-standard","has-post-thumbnail","hentry","category-cronica"],"_links":{"self":[{"href":"https:\/\/www.radiopresidenteibanez.cl\/web\/wp-json\/wp\/v2\/posts\/12059","targetHints":{"allow":["GET"]}}],"collection":[{"href":"https:\/\/www.radiopresidenteibanez.cl\/web\/wp-json\/wp\/v2\/posts"}],"about":[{"href":"https:\/\/www.radiopresidenteibanez.cl\/web\/wp-json\/wp\/v2\/types\/post"}],"author":[{"embeddable":true,"href":"https:\/\/www.radiopresidenteibanez.cl\/web\/wp-json\/wp\/v2\/users\/2"}],"replies":[{"embeddable":true,"href":"https:\/\/www.radiopresidenteibanez.cl\/web\/wp-json\/wp\/v2\/comments?post=12059"}],"version-history":[{"count":0,"href":"https:\/\/www.radiopresidenteibanez.cl\/web\/wp-json\/wp\/v2\/posts\/12059\/revisions"}],"wp:featuredmedia":[{"embeddable":true,"href":"https:\/\/www.radiopresidenteibanez.cl\/web\/wp-json\/wp\/v2\/media\/12060"}],"wp:attachment":[{"href":"https:\/\/www.radiopresidenteibanez.cl\/web\/wp-json\/wp\/v2\/media?parent=12059"}],"wp:term":[{"taxonomy":"category","embeddable":true,"href":"https:\/\/www.radiopresidenteibanez.cl\/web\/wp-json\/wp\/v2\/categories?post=12059"},{"taxonomy":"post_tag","embeddable":true,"href":"https:\/\/www.radiopresidenteibanez.cl\/web\/wp-json\/wp\/v2\/tags?post=12059"}],"curies":[{"name":"wp","href":"https:\/\/api.w.org\/{rel}","templated":true}]}}