{"id":12055,"date":"2020-05-19T14:19:31","date_gmt":"2020-05-19T14:19:31","guid":{"rendered":"https:\/\/www.radiopresidenteibanez.cl\/web\/?p=12055"},"modified":"2020-05-19T14:20:15","modified_gmt":"2020-05-19T14:20:15","slug":"jose-garcia-ruminot-es-el-cuarto-senador-contagiado-por-covid-19-en-chile","status":"publish","type":"post","link":"https:\/\/www.radiopresidenteibanez.cl\/web\/jose-garcia-ruminot-es-el-cuarto-senador-contagiado-por-covid-19-en-chile\/","title":{"rendered":"JOS\u00c9 GARC\u00cdA RUMINOT ES EL CUARTO SENADOR CONTAGIADO POR COVID-19 EN CHILE"},"content":{"rendered":"\n<p>Durante horas de la ma\u00f1ana se dio a conocer un nuevo senador contagiado a ra\u00edz del Covid-19, en esta oportunidad fue Jos\u00e9 Garc\u00eda Ruminot.<\/p>\n\n\n\n<p>Hasta el momento se desconoce si otros parlamentarios han dado positivo a su examen PCR<\/p>\n","protected":false},"excerpt":{"rendered":"<p>Durante horas de la ma\u00f1ana se dio a conocer un nuevo senador contagiado a ra\u00edz del Covid-19, en esta oportunidad fue Jos\u00e9 Garc\u00eda Ruminot. Hasta el momento se desconoce si&#8230; <a class=\"read-more\" href=\"https:\/\/www.radiopresidenteibanez.cl\/web\/jose-garcia-ruminot-es-el-cuarto-senador-contagiado-por-covid-19-en-chile\/\">Leer m\u00e1s<\/a><\/p>\n","protected":false},"author":2,"featured_media":12056,"comment_status":"closed","ping_status":"closed","sticky":false,"template":"","format":"standard","meta":{"footnotes":""},"categories":[1],"tags":[],"class_list":["post-12055","post","type-post","status-publish","format-standard","has-post-thumbnail","hentry","category-cronica"],"_links":{"self":[{"href":"https:\/\/www.radiopresidenteibanez.cl\/web\/wp-json\/wp\/v2\/posts\/12055","targetHints":{"allow":["GET"]}}],"collection":[{"href":"https:\/\/www.radiopresidenteibanez.cl\/web\/wp-json\/wp\/v2\/posts"}],"about":[{"href":"https:\/\/www.radiopresidenteibanez.cl\/web\/wp-json\/wp\/v2\/types\/post"}],"author":[{"embeddable":true,"href":"https:\/\/www.radiopresidenteibanez.cl\/web\/wp-json\/wp\/v2\/users\/2"}],"replies":[{"embeddable":true,"href":"https:\/\/www.radiopresidenteibanez.cl\/web\/wp-json\/wp\/v2\/comments?post=12055"}],"version-history":[{"count":0,"href":"https:\/\/www.radiopresidenteibanez.cl\/web\/wp-json\/wp\/v2\/posts\/12055\/revisions"}],"wp:featuredmedia":[{"embeddable":true,"href":"https:\/\/www.radiopresidenteibanez.cl\/web\/wp-json\/wp\/v2\/media\/12056"}],"wp:attachment":[{"href":"https:\/\/www.radiopresidenteibanez.cl\/web\/wp-json\/wp\/v2\/media?parent=12055"}],"wp:term":[{"taxonomy":"category","embeddable":true,"href":"https:\/\/www.radiopresidenteibanez.cl\/web\/wp-json\/wp\/v2\/categories?post=12055"},{"taxonomy":"post_tag","embeddable":true,"href":"https:\/\/www.radiopresidenteibanez.cl\/web\/wp-json\/wp\/v2\/tags?post=12055"}],"curies":[{"name":"wp","href":"https:\/\/api.w.org\/{rel}","templated":true}]}}