{"id":12052,"date":"2020-05-19T13:50:08","date_gmt":"2020-05-19T13:50:08","guid":{"rendered":"https:\/\/www.radiopresidenteibanez.cl\/web\/?p=12052"},"modified":"2020-05-19T13:50:12","modified_gmt":"2020-05-19T13:50:12","slug":"municipio-y-bomberos-de-porvenir-firman-acuerdo-que-otorga-apoyo-adicional-a-voluntarios-para-tares-asociadas-a-la-pandemia","status":"publish","type":"post","link":"https:\/\/www.radiopresidenteibanez.cl\/web\/municipio-y-bomberos-de-porvenir-firman-acuerdo-que-otorga-apoyo-adicional-a-voluntarios-para-tares-asociadas-a-la-pandemia\/","title":{"rendered":"MUNICIPIO Y BOMBEROS DE PORVENIR FIRMAN ACUERDO QUE OTORGA APOYO ADICIONAL A VOLUNTARIOS PARA TARES ASOCIADAS A LA PANDEMIA"},"content":{"rendered":"\n<p>A trav\u00e9s de la firma del acuerdo la Municipalidad\nde Porvenir, se encargar\u00e1 de proporcionar a los bomberos de Porvenir insumos y\nequipamiento para tareas asociadas a la pandemia que han asumido los\nvoluntarios. Por ejemplo, los productos qu\u00edmicos necesarios para las tareas de\nsanitizaci\u00f3n de espacios p\u00fablicos en la comuna.<\/p>\n\n\n\n<p>Al respecto la alcaldesa de la comuna,\nMarisol Andrade C\u00e1rdenas, se\u00f1al\u00f3 que \u201cla firma de este convenio busca\nfortalecer el trabajo que se desarrolla con el cuerpo de Bomberos de Porvenir,\nespecialmente en esta \u00e9poca de emergencia por la pandemia del Covid19, en\ngeneral es un convenio que permitir\u00e1 que el municipio pueda aportar con algunos\ninsumos o equipamientos que permita ejercer a trav\u00e9s de ellos procesos como la\nsanitizaci\u00f3n y en general cualquier otra emergencia de cualquier \u00edndole\u201d.<\/p>\n\n\n\n<p>Este convenio lo que hace es fortalecer\nel trabajo solidario hacia la comunidad, tanto por el cuerpo de Bomberos, como\nla funci\u00f3n social que cumple la municipalidad con los habitantes de la comuna.<\/p>\n\n\n\n<p>El aporte es adicional a la subvenci\u00f3n\nque otorga anualmente el municipio fueguino a los voluntarios de Bomberos y\nconsidera reforzar el apoyo ante eventuales emergencias.<\/p>\n","protected":false},"excerpt":{"rendered":"<p>A trav\u00e9s de la firma del acuerdo la Municipalidad de Porvenir, se encargar\u00e1 de proporcionar a los bomberos de Porvenir insumos y equipamiento para tareas asociadas a la pandemia que&#8230; <a class=\"read-more\" href=\"https:\/\/www.radiopresidenteibanez.cl\/web\/municipio-y-bomberos-de-porvenir-firman-acuerdo-que-otorga-apoyo-adicional-a-voluntarios-para-tares-asociadas-a-la-pandemia\/\">Leer m\u00e1s<\/a><\/p>\n","protected":false},"author":2,"featured_media":12053,"comment_status":"closed","ping_status":"closed","sticky":false,"template":"","format":"standard","meta":{"footnotes":""},"categories":[1],"tags":[],"class_list":["post-12052","post","type-post","status-publish","format-standard","has-post-thumbnail","hentry","category-cronica"],"_links":{"self":[{"href":"https:\/\/www.radiopresidenteibanez.cl\/web\/wp-json\/wp\/v2\/posts\/12052","targetHints":{"allow":["GET"]}}],"collection":[{"href":"https:\/\/www.radiopresidenteibanez.cl\/web\/wp-json\/wp\/v2\/posts"}],"about":[{"href":"https:\/\/www.radiopresidenteibanez.cl\/web\/wp-json\/wp\/v2\/types\/post"}],"author":[{"embeddable":true,"href":"https:\/\/www.radiopresidenteibanez.cl\/web\/wp-json\/wp\/v2\/users\/2"}],"replies":[{"embeddable":true,"href":"https:\/\/www.radiopresidenteibanez.cl\/web\/wp-json\/wp\/v2\/comments?post=12052"}],"version-history":[{"count":0,"href":"https:\/\/www.radiopresidenteibanez.cl\/web\/wp-json\/wp\/v2\/posts\/12052\/revisions"}],"wp:featuredmedia":[{"embeddable":true,"href":"https:\/\/www.radiopresidenteibanez.cl\/web\/wp-json\/wp\/v2\/media\/12053"}],"wp:attachment":[{"href":"https:\/\/www.radiopresidenteibanez.cl\/web\/wp-json\/wp\/v2\/media?parent=12052"}],"wp:term":[{"taxonomy":"category","embeddable":true,"href":"https:\/\/www.radiopresidenteibanez.cl\/web\/wp-json\/wp\/v2\/categories?post=12052"},{"taxonomy":"post_tag","embeddable":true,"href":"https:\/\/www.radiopresidenteibanez.cl\/web\/wp-json\/wp\/v2\/tags?post=12052"}],"curies":[{"name":"wp","href":"https:\/\/api.w.org\/{rel}","templated":true}]}}