{"id":12049,"date":"2020-05-19T13:47:49","date_gmt":"2020-05-19T13:47:49","guid":{"rendered":"https:\/\/www.radiopresidenteibanez.cl\/web\/?p=12049"},"modified":"2020-05-19T13:47:53","modified_gmt":"2020-05-19T13:47:53","slug":"seremi-de-hacienda-destaca-nuevo-reporte-estadistico","status":"publish","type":"post","link":"https:\/\/www.radiopresidenteibanez.cl\/web\/seremi-de-hacienda-destaca-nuevo-reporte-estadistico\/","title":{"rendered":"SEREMI DE HACIENDA DESTACA NUEVO REPORTE ESTAD\u00cdSTICO"},"content":{"rendered":"\n<p>El Ministerio de Hacienda\nlanz\u00f3 con fecha 18 de mayo el reporte estad\u00edstico \u201c\u00bfC\u00f3mo se usaron mis\nimpuestos el a\u00f1o 2019?\u201d. El documento ser\u00e1 enviado de manera personalizada por\nel Servicio de Impuestos Internos (SII) v\u00eda correo electr\u00f3nico entre hoy y el\nviernes 22 de mayo a 3,7 millones de personas naturales que realizaron su\nOperaci\u00f3n Renta en abril de este a\u00f1o. <\/p>\n\n\n\n<p>El reporte es una iniciativa\ndel Ministerio de Hacienda, en conjunto con el SII, la Direcci\u00f3n de\nPresupuestos (Dipres), el Laboratorio de Gobierno y la Comisi\u00f3n del Gasto P\u00fablico\nque asesora al Ministerio de Hacienda, en la que el Estado rinde cuenta a los\nciudadanos, de forma simple y personalizada, sobre c\u00f3mo el Estado utiliza los\nrecursos que cada persona aporta a trav\u00e9s de sus impuestos (Impuesto a la\nRenta, por ingresos laborales, e IVA, por consumo de bienes y servicios). <\/p>\n\n\n\n<p>Esta in\u00e9dita iniciativa se\nenmarca en la agenda de Mejor Gasto P\u00fablico, impulsada por el Ministro Ignacio\nBriones desde enero pasado, que tiene como uno de sus ejes principales avanzar\nen transparencia del gasto p\u00fablico de cara a los ciudadanos. <\/p>\n\n\n\n<p><em>\u201cEste\nes un hito hist\u00f3rico, tan simple como necesario: rendirle cuentas de forma\npersonalizada y transparente a todos los chilenos y chilenas sobre c\u00f3mo el\nEstado gasta los recursos que ellos aportan con su esfuerzo a trav\u00e9s del pago\nde impuestos. Pero no solo eso, tambi\u00e9n tenemos el deber moral de asegurarles\nque estos recursos se gasten bien y que lleguen a plenitud a los beneficiarios\nde las \u00e1reas m\u00e1s prioritarias. Este es el coraz\u00f3n de la Agenda por un Mejor\nGasto P\u00fablico que estamos impulsando. Una agenda con el ciudadano en el centro<\/em>\u201d, explic\u00f3 el\nMinistro Briones.<\/p>\n\n\n\n<p>Adem\u00e1s, el SII implementar\u00e1\nuna calculadora abierta en www.sii.cl, para todas aquellas personas que no\nfueron parte del proceso de declaraci\u00f3n de impuestos 2020, pero que igualmente\naportan al Estado a trav\u00e9s del pago del IVA. Para esto, s\u00f3lo se requerir\u00e1 que\nla persona ingrese el monto mensual de ingresos que percibe y se desplegar\u00e1 el\nmismo reporte personalizado. <\/p>\n\n\n\n<p>Por su parte, la seremi Lil\nGarc\u00e9s recalc\u00f3 la importancia de mejorar la calidad de vida de las personas y\nel papel clave que cumple el manejo eficiente del gasto p\u00fablico. \u201c<em>Para ello, es relevante aumentar la\ntransparencia, el control y la rendici\u00f3n de cuentas con foco en las personas, a\ntrav\u00e9s de la coordinaci\u00f3n eficiente y permanente de los distintos actores del\nEstado\u201d.<\/em><\/p>\n\n\n\n<p><strong>Detalles\ndel reporte<\/strong><\/p>\n\n\n\n<p>En concreto, el reporte que\nrecibir\u00e1n los ciudadanos se divide en tres temas. Primero, da a conocer cu\u00e1ntos\nimpuestos pag\u00f3 la persona tanto por Impuesto a la Renta (si la persona tuvo\ningresos mensuales por m\u00e1s de $650 mil), as\u00ed como por IVA. En este \u00faltimo caso,\nse trata de una estimaci\u00f3n en base al ingreso disponible que tiene la persona.<\/p>\n\n\n\n<p>Luego, el documento presenta\ndos gr\u00e1ficos en los que da a conocer el aporte que realiz\u00f3 la persona al gasto\np\u00fablico en dos aspectos:<\/p>\n\n\n\n<ul class=\"wp-block-list\"><li><em>Tipo de gasto p\u00fablico:<\/em> Beneficios y subsidios,\ninversi\u00f3n p\u00fablica, remuneraci\u00f3n de empleados p\u00fablicos, gastos de soporte, y\notros. <\/li><li><em>\u00c1rea de gasto p\u00fablico:<\/em> Protecci\u00f3n social (tales\ncomo pensiones, subsidios a la vivienda y apoyo a grupos vulnerables);\neducaci\u00f3n; salud; actividad econ\u00f3mica (tales como transporte, energ\u00eda,\nagricultura, emprendimiento); seguridad y orden p\u00fablico; servicios p\u00fablicos\ngenerales; defensa; pago de la deuda p\u00fablica; desarrollo urbano, actividades\nrecreativas y cultura; y protecci\u00f3n del medioambiente. <\/li><\/ul>\n\n\n\n<p>Por \u00faltimo, el documento da\na conocer el monto total de ingresos recibidos por el Estado en 2019, los\ngastos totales que realiz\u00f3 y la diferencia que se gener\u00f3 entre ellos (d\u00e9ficit o\nsuper\u00e1vit), y explica que, cuando el Estado gasta m\u00e1s de lo que recibe, debe\nendeudarse o utilizar ahorros previos.<\/p>\n","protected":false},"excerpt":{"rendered":"<p>El Ministerio de Hacienda lanz\u00f3 con fecha 18 de mayo el reporte estad\u00edstico \u201c\u00bfC\u00f3mo se usaron mis impuestos el a\u00f1o 2019?\u201d. El documento ser\u00e1 enviado de manera personalizada por el&#8230; <a class=\"read-more\" href=\"https:\/\/www.radiopresidenteibanez.cl\/web\/seremi-de-hacienda-destaca-nuevo-reporte-estadistico\/\">Leer m\u00e1s<\/a><\/p>\n","protected":false},"author":2,"featured_media":12050,"comment_status":"closed","ping_status":"closed","sticky":false,"template":"","format":"standard","meta":{"footnotes":""},"categories":[1],"tags":[],"class_list":["post-12049","post","type-post","status-publish","format-standard","has-post-thumbnail","hentry","category-cronica"],"_links":{"self":[{"href":"https:\/\/www.radiopresidenteibanez.cl\/web\/wp-json\/wp\/v2\/posts\/12049","targetHints":{"allow":["GET"]}}],"collection":[{"href":"https:\/\/www.radiopresidenteibanez.cl\/web\/wp-json\/wp\/v2\/posts"}],"about":[{"href":"https:\/\/www.radiopresidenteibanez.cl\/web\/wp-json\/wp\/v2\/types\/post"}],"author":[{"embeddable":true,"href":"https:\/\/www.radiopresidenteibanez.cl\/web\/wp-json\/wp\/v2\/users\/2"}],"replies":[{"embeddable":true,"href":"https:\/\/www.radiopresidenteibanez.cl\/web\/wp-json\/wp\/v2\/comments?post=12049"}],"version-history":[{"count":0,"href":"https:\/\/www.radiopresidenteibanez.cl\/web\/wp-json\/wp\/v2\/posts\/12049\/revisions"}],"wp:featuredmedia":[{"embeddable":true,"href":"https:\/\/www.radiopresidenteibanez.cl\/web\/wp-json\/wp\/v2\/media\/12050"}],"wp:attachment":[{"href":"https:\/\/www.radiopresidenteibanez.cl\/web\/wp-json\/wp\/v2\/media?parent=12049"}],"wp:term":[{"taxonomy":"category","embeddable":true,"href":"https:\/\/www.radiopresidenteibanez.cl\/web\/wp-json\/wp\/v2\/categories?post=12049"},{"taxonomy":"post_tag","embeddable":true,"href":"https:\/\/www.radiopresidenteibanez.cl\/web\/wp-json\/wp\/v2\/tags?post=12049"}],"curies":[{"name":"wp","href":"https:\/\/api.w.org\/{rel}","templated":true}]}}