{"id":12046,"date":"2020-05-19T13:46:01","date_gmt":"2020-05-19T13:46:01","guid":{"rendered":"https:\/\/www.radiopresidenteibanez.cl\/web\/?p=12046"},"modified":"2020-05-19T13:46:05","modified_gmt":"2020-05-19T13:46:05","slug":"municipio-concreto-segunda-etapa-de-sanitizacion-de-edificios-sociales","status":"publish","type":"post","link":"https:\/\/www.radiopresidenteibanez.cl\/web\/municipio-concreto-segunda-etapa-de-sanitizacion-de-edificios-sociales\/","title":{"rendered":"MUNICIPIO CONCRET\u00d3 SEGUNDA ETAPA DE SANITIZACI\u00d3N DE EDIFICIOS SOCIALES"},"content":{"rendered":"\n<p>Con el fin de continuar con el plan de trabajo determinado por la Municipalidad de Punta Arenas, que busca sanitizar diversos espacios p\u00fablicos de la ciudad, este fin de semana se inici\u00f3 la segunda intervenci\u00f3n de 154 edificios sociales emplazados en nuestra comuna.<\/p>\n\n\n\n<p>\u201cHemos finalizado por segundo mes consecutivo, una labor que es muy importante en tiempos de pandemia, se trata de la sanitizaci\u00f3n de los distintos espacios p\u00fablicos y edificios sociales que tiene nuestra ciudad\u201d, expres\u00f3 el alcalde Claudio Radonich.<\/p>\n\n\n\n<p>Son 154 lugares en lo que habitan m\u00e1s de 9 mil vecinos de Punta Arenas, y en los que conviven cerca de 3 mil familias, por lo que el municipio local dispuso un plan de trabajo para los meses de abril, mayo y junio, tarea que podr\u00eda extenderse de acuerdo a la contingencia y emergencia sanitaria que vivimos, explic\u00f3 el jefe comunal.<\/p>\n\n\n\n<p>Radonich agreg\u00f3 que \u201cla finalidad es prevenir, no s\u00f3lo en esos lugares, sino que tambi\u00e9n en los 150 kil\u00f3metros de calles y veredas de la comuna que tambi\u00e9n han sido sanitizadas, todo eso gracias a la ayuda y colaboraci\u00f3n de Bomberos, quienes han trabajado incansablemente junto a los funcionarios municipales de la Direcci\u00f3n de Aseo y Ornato, para cumplir con dicha labor\u201d.<\/p>\n","protected":false},"excerpt":{"rendered":"<p>Con el fin de continuar con el plan de trabajo determinado por la Municipalidad de Punta Arenas, que busca sanitizar diversos espacios p\u00fablicos de la ciudad, este fin de semana&#8230; <a class=\"read-more\" href=\"https:\/\/www.radiopresidenteibanez.cl\/web\/municipio-concreto-segunda-etapa-de-sanitizacion-de-edificios-sociales\/\">Leer m\u00e1s<\/a><\/p>\n","protected":false},"author":2,"featured_media":12047,"comment_status":"closed","ping_status":"closed","sticky":false,"template":"","format":"standard","meta":{"footnotes":""},"categories":[1],"tags":[],"class_list":["post-12046","post","type-post","status-publish","format-standard","has-post-thumbnail","hentry","category-cronica"],"_links":{"self":[{"href":"https:\/\/www.radiopresidenteibanez.cl\/web\/wp-json\/wp\/v2\/posts\/12046","targetHints":{"allow":["GET"]}}],"collection":[{"href":"https:\/\/www.radiopresidenteibanez.cl\/web\/wp-json\/wp\/v2\/posts"}],"about":[{"href":"https:\/\/www.radiopresidenteibanez.cl\/web\/wp-json\/wp\/v2\/types\/post"}],"author":[{"embeddable":true,"href":"https:\/\/www.radiopresidenteibanez.cl\/web\/wp-json\/wp\/v2\/users\/2"}],"replies":[{"embeddable":true,"href":"https:\/\/www.radiopresidenteibanez.cl\/web\/wp-json\/wp\/v2\/comments?post=12046"}],"version-history":[{"count":0,"href":"https:\/\/www.radiopresidenteibanez.cl\/web\/wp-json\/wp\/v2\/posts\/12046\/revisions"}],"wp:featuredmedia":[{"embeddable":true,"href":"https:\/\/www.radiopresidenteibanez.cl\/web\/wp-json\/wp\/v2\/media\/12047"}],"wp:attachment":[{"href":"https:\/\/www.radiopresidenteibanez.cl\/web\/wp-json\/wp\/v2\/media?parent=12046"}],"wp:term":[{"taxonomy":"category","embeddable":true,"href":"https:\/\/www.radiopresidenteibanez.cl\/web\/wp-json\/wp\/v2\/categories?post=12046"},{"taxonomy":"post_tag","embeddable":true,"href":"https:\/\/www.radiopresidenteibanez.cl\/web\/wp-json\/wp\/v2\/tags?post=12046"}],"curies":[{"name":"wp","href":"https:\/\/api.w.org\/{rel}","templated":true}]}}