{"id":12043,"date":"2020-05-19T13:26:39","date_gmt":"2020-05-19T13:26:39","guid":{"rendered":"https:\/\/www.radiopresidenteibanez.cl\/web\/?p=12043"},"modified":"2020-05-19T13:26:43","modified_gmt":"2020-05-19T13:26:43","slug":"nuevo-box-de-urgencia-gineco-obstetrica-se-habilita-en-la-unidad-de-emergencia-hospitalaria-hcm","status":"publish","type":"post","link":"https:\/\/www.radiopresidenteibanez.cl\/web\/nuevo-box-de-urgencia-gineco-obstetrica-se-habilita-en-la-unidad-de-emergencia-hospitalaria-hcm\/","title":{"rendered":"NUEVO BOX DE URGENCIA GINECO-OBST\u00c9TRICA SE HABILITA EN LA UNIDAD DE EMERGENCIA HOSPITALARIA HCM"},"content":{"rendered":"\n<p>Con la finalidad de\nentregar una mejor atenci\u00f3n, resguardando la seguridad y la calidad de la\natenci\u00f3n gineco-obst\u00e9trica, desde el d\u00eda de hoy el Hospital Cl\u00ednico Magallanes\n(HCM) ha habilitado un box de atenci\u00f3n especial para mujeres positivas,\nsospechosas o con sintomatolog\u00eda &nbsp;Covid-19.<\/p>\n\n\n\n<p>Este espacio fue\nconcretado gracias al trabajo colaborativo entre el Centro de Responsabilidad (CR)\nde la Mujer y la Unidad de Emergencia Hospitalaria (UEH), y busca entregar en\nun mismo espacio atenci\u00f3n por sintomatolog\u00eda respiratoria a Covid-19 y atenci\u00f3n\ngineco-obst\u00e9trica. <\/p>\n\n\n\n<p>Al momento en que\nalguna mujer embarazada o que requiera atenci\u00f3n de urgencia ginecol\u00f3gica\npresenta un cuadro respiratorio, se activa el protocolo que comunica ambas\nunidades para establecer la interconsulta ya sea atenci\u00f3n de medicina\nginecol\u00f3gica o atenci\u00f3n de profesional matr\u00f3n\/a, que concurre a la UEH con el\ninstrumental espec\u00edfico para la evaluaci\u00f3n de la usuaria. <\/p>\n\n\n\n<p>Iv\u00e1n Valenzuela,\nMatr\u00f3n supervisor del CR de la Mujer agrega que: \u201cEste box es solo para\npacientes sospecha, confirmada o con sintomatolog\u00eda Covid-19; las pacientes\nembarazadas o mujeres sin sintomatolog\u00eda se atienden en 2\u00ba piso urgencia\ngineco-obst\u00e9trica\u201d.<\/p>\n\n\n\n<p>La nueva sala de\natenci\u00f3n est\u00e1 habilitada con camilla ginecol\u00f3gica, ec\u00f3grafo, l\u00e1mpara y todos\nlos insumos de protecci\u00f3n personal para la atenci\u00f3n de pacientes en el contexto\nCovid-19. <\/p>\n\n\n\n<p>Finalmente, Ivonne\nCampos, enfermera UEH destaca que: \u201cEsta es una iniciativa que se realiza\ngracias al trabajo mancomunado de ambas unidades, un nuevo espacio para todas\nlas pacientes que requieran una atenci\u00f3n oportuna y segura.<\/p>\n","protected":false},"excerpt":{"rendered":"<p>Con la finalidad de entregar una mejor atenci\u00f3n, resguardando la seguridad y la calidad de la atenci\u00f3n gineco-obst\u00e9trica, desde el d\u00eda de hoy el Hospital Cl\u00ednico Magallanes (HCM) ha habilitado&#8230; <a class=\"read-more\" href=\"https:\/\/www.radiopresidenteibanez.cl\/web\/nuevo-box-de-urgencia-gineco-obstetrica-se-habilita-en-la-unidad-de-emergencia-hospitalaria-hcm\/\">Leer m\u00e1s<\/a><\/p>\n","protected":false},"author":2,"featured_media":12044,"comment_status":"closed","ping_status":"closed","sticky":false,"template":"","format":"standard","meta":{"footnotes":""},"categories":[1],"tags":[],"class_list":["post-12043","post","type-post","status-publish","format-standard","has-post-thumbnail","hentry","category-cronica"],"_links":{"self":[{"href":"https:\/\/www.radiopresidenteibanez.cl\/web\/wp-json\/wp\/v2\/posts\/12043","targetHints":{"allow":["GET"]}}],"collection":[{"href":"https:\/\/www.radiopresidenteibanez.cl\/web\/wp-json\/wp\/v2\/posts"}],"about":[{"href":"https:\/\/www.radiopresidenteibanez.cl\/web\/wp-json\/wp\/v2\/types\/post"}],"author":[{"embeddable":true,"href":"https:\/\/www.radiopresidenteibanez.cl\/web\/wp-json\/wp\/v2\/users\/2"}],"replies":[{"embeddable":true,"href":"https:\/\/www.radiopresidenteibanez.cl\/web\/wp-json\/wp\/v2\/comments?post=12043"}],"version-history":[{"count":0,"href":"https:\/\/www.radiopresidenteibanez.cl\/web\/wp-json\/wp\/v2\/posts\/12043\/revisions"}],"wp:featuredmedia":[{"embeddable":true,"href":"https:\/\/www.radiopresidenteibanez.cl\/web\/wp-json\/wp\/v2\/media\/12044"}],"wp:attachment":[{"href":"https:\/\/www.radiopresidenteibanez.cl\/web\/wp-json\/wp\/v2\/media?parent=12043"}],"wp:term":[{"taxonomy":"category","embeddable":true,"href":"https:\/\/www.radiopresidenteibanez.cl\/web\/wp-json\/wp\/v2\/categories?post=12043"},{"taxonomy":"post_tag","embeddable":true,"href":"https:\/\/www.radiopresidenteibanez.cl\/web\/wp-json\/wp\/v2\/tags?post=12043"}],"curies":[{"name":"wp","href":"https:\/\/api.w.org\/{rel}","templated":true}]}}