{"id":12037,"date":"2020-05-19T12:47:50","date_gmt":"2020-05-19T12:47:50","guid":{"rendered":"https:\/\/www.radiopresidenteibanez.cl\/web\/?p=12037"},"modified":"2020-05-19T13:22:12","modified_gmt":"2020-05-19T13:22:12","slug":"dos-mujeres-fallecidas-durante-las-ultimas-horas-a-raiz-del-covid-19-en-magallanes","status":"publish","type":"post","link":"https:\/\/www.radiopresidenteibanez.cl\/web\/dos-mujeres-fallecidas-durante-las-ultimas-horas-a-raiz-del-covid-19-en-magallanes\/","title":{"rendered":"DOS MUJERES FALLECIDAS DURANTE LAS \u00daLTIMAS HORAS A RA\u00cdZ DEL COVID-19 EN MAGALLANES"},"content":{"rendered":"\n<p>Durante la tarde de ayer, se dio a conocer  el fallecimiento de dos mujeres de 79 y 55 a\u00f1os en dependencias del Hospital Cl\u00ednico de Magallanes a ra\u00edz del Covid-19 y enfermedades de base.<\/p>\n\n\n\n<p>La mujer de 79 a\u00f1os se habr\u00eda visto afectada por una \u00abgrangena\u00bb la cual se empeor\u00f3 debido a la infecci\u00f3n del virus.<\/p>\n\n\n\n<p>Por su parte, la mujer de 55 a\u00f1os hab\u00eda ingresado el pasado 07 de abril a las dependencias del Hospital Clinico de Magallanes, siendo el 19 del mismo mes ingresada a la UPC por su gravedad.<\/p>\n\n\n\n<p>Cabe mencionar que debido al corte de las 21 horas, se deber\u00eda ingresar una sola fallecida ya que la segunda fue durante la jornada de la noche.<\/p>\n\n\n\n<p>Mayores detalles ser\u00e1n entregados por la autoridad de salud en el reporte diario.<\/p>\n\n\n\n<p>Recordar que la cantidad de fallecidos en Magallanes alcanzar\u00eda la cifra total de 18.<\/p>\n\n\n\n<p><\/p>\n\n\n\n<p>CHH.<\/p>\n","protected":false},"excerpt":{"rendered":"<p>Durante la tarde de ayer, se dio a conocer el fallecimiento de dos mujeres de 79 y 55 a\u00f1os en dependencias del Hospital Cl\u00ednico de Magallanes a ra\u00edz del Covid-19&#8230; <a class=\"read-more\" href=\"https:\/\/www.radiopresidenteibanez.cl\/web\/dos-mujeres-fallecidas-durante-las-ultimas-horas-a-raiz-del-covid-19-en-magallanes\/\">Leer m\u00e1s<\/a><\/p>\n","protected":false},"author":2,"featured_media":57,"comment_status":"closed","ping_status":"closed","sticky":false,"template":"","format":"standard","meta":{"footnotes":""},"categories":[1],"tags":[],"class_list":["post-12037","post","type-post","status-publish","format-standard","has-post-thumbnail","hentry","category-cronica"],"_links":{"self":[{"href":"https:\/\/www.radiopresidenteibanez.cl\/web\/wp-json\/wp\/v2\/posts\/12037","targetHints":{"allow":["GET"]}}],"collection":[{"href":"https:\/\/www.radiopresidenteibanez.cl\/web\/wp-json\/wp\/v2\/posts"}],"about":[{"href":"https:\/\/www.radiopresidenteibanez.cl\/web\/wp-json\/wp\/v2\/types\/post"}],"author":[{"embeddable":true,"href":"https:\/\/www.radiopresidenteibanez.cl\/web\/wp-json\/wp\/v2\/users\/2"}],"replies":[{"embeddable":true,"href":"https:\/\/www.radiopresidenteibanez.cl\/web\/wp-json\/wp\/v2\/comments?post=12037"}],"version-history":[{"count":0,"href":"https:\/\/www.radiopresidenteibanez.cl\/web\/wp-json\/wp\/v2\/posts\/12037\/revisions"}],"wp:featuredmedia":[{"embeddable":true,"href":"https:\/\/www.radiopresidenteibanez.cl\/web\/wp-json\/wp\/v2\/media\/57"}],"wp:attachment":[{"href":"https:\/\/www.radiopresidenteibanez.cl\/web\/wp-json\/wp\/v2\/media?parent=12037"}],"wp:term":[{"taxonomy":"category","embeddable":true,"href":"https:\/\/www.radiopresidenteibanez.cl\/web\/wp-json\/wp\/v2\/categories?post=12037"},{"taxonomy":"post_tag","embeddable":true,"href":"https:\/\/www.radiopresidenteibanez.cl\/web\/wp-json\/wp\/v2\/tags?post=12037"}],"curies":[{"name":"wp","href":"https:\/\/api.w.org\/{rel}","templated":true}]}}