{"id":12033,"date":"2020-05-19T03:46:28","date_gmt":"2020-05-19T03:46:28","guid":{"rendered":"https:\/\/www.radiopresidenteibanez.cl\/web\/?p=12033"},"modified":"2020-05-19T03:46:33","modified_gmt":"2020-05-19T03:46:33","slug":"mientras-los-tarjeteros-nuevamente-aparecian-en-las-calles-de-punta-arenas-concejales-y-alcalde-analizaban-posible-termino-de-contrato-con-empresa-que-se-adjudico-la-licitacion","status":"publish","type":"post","link":"https:\/\/www.radiopresidenteibanez.cl\/web\/mientras-los-tarjeteros-nuevamente-aparecian-en-las-calles-de-punta-arenas-concejales-y-alcalde-analizaban-posible-termino-de-contrato-con-empresa-que-se-adjudico-la-licitacion\/","title":{"rendered":"MIENTRAS LOS TARJETEROS NUEVAMENTE APAREC\u00cdAN EN LAS CALLES DE PUNTA ARENAS, CONCEJALES Y ALCALDE ANALIZABAN POSIBLE TERMINO DE CONTRATO CON EMPRESA QUE SE ADJUDICO LA LICITACI\u00d3N"},"content":{"rendered":"\n<p>En horas de la ma\u00f1ana de ayer mientras se\nrealizaba la sesi\u00f3n extraordinaria N\u00b059 del Concejo Municipal de Punta Arenas,\nse pod\u00edan ver en las distintas calles c\u00e9ntricas de la ciudad a un grupo de\ntarjeteros correspondientes a la empresa Sur Romeral Limitada, quienes se adjurar\u00e1n\nel contrato de este servicio hace algunas semanas atr\u00e1s.<\/p>\n\n\n\n<p>Lo anterior, causo sorpresa tanto al interior\ndel municipio como en los concejales, ya que se manejaba la informaci\u00f3n de que\ntodos los trabajadores hab\u00edan sido desvinculados de la empresa que presta el\nservicio de estacionamientos.<\/p>\n\n\n\n<p>En este sentido la concejala, Ver\u00f3nica Aguilar, expres\u00f3 que \u201canalizamos todos los problemas que mantiene la empresa tanto con los trabajadores como el municipio, esperamos que en los pr\u00f3ximos d\u00edas este la informaci\u00f3n restante para saber que suceder\u00e1 con un contrato tan importante para el municipio local\u201d.<\/p>\n\n\n\n<p>Se inform\u00f3 tambi\u00e9n que la empresa Sur Romeral\nLimitada, hab\u00eda demandado al municipio de Punta Arenas, lo que se desconoce el\nmotivo de este, pero cuyo tramite se hab\u00eda ingresado el pasado 12 de mayo.<\/p>\n\n\n\n<p>Por su parte el concejal, Arturo D\u00edaz, manifest\u00f3 que \u201cla empresa puso a trabajar personas sin dar a conocer como fueron contratas, si fue solo por el d\u00eda o algunas semanas, y puede caer en una negligencia que se sumar\u00eda a las ya cometida en algunas oportunidades\u201d.<\/p>\n\n\n\n<p>En la ocasi\u00f3n, tambi\u00e9n se analiz\u00f3 la idea entregada por algunos concejales de entregar la licitaci\u00f3n a Bomberos, en este sentido, Ren\u00e9 Mancilla, comandante del Cuerpo de Bomberos, fue enf\u00e1tico en decir que no han recibido alg\u00fan oficio formal para poder analizar la situaci\u00f3n.<\/p>\n\n\n\n<p>Finalmente, el representante de la empresa Sur Romeral Limitada, no se quiso referir al tema de la licitaci\u00f3n que por ahora seguir\u00e1 al mando de esta concesionaria esperando lo que pueda suceder en las pr\u00f3ximas jornadas.<\/p>\n\n\n\n<p><\/p>\n\n\n\n<p>CHH.<\/p>\n","protected":false},"excerpt":{"rendered":"<p>En horas de la ma\u00f1ana de ayer mientras se realizaba la sesi\u00f3n extraordinaria N\u00b059 del Concejo Municipal de Punta Arenas, se pod\u00edan ver en las distintas calles c\u00e9ntricas de la&#8230; <a class=\"read-more\" href=\"https:\/\/www.radiopresidenteibanez.cl\/web\/mientras-los-tarjeteros-nuevamente-aparecian-en-las-calles-de-punta-arenas-concejales-y-alcalde-analizaban-posible-termino-de-contrato-con-empresa-que-se-adjudico-la-licitacion\/\">Leer m\u00e1s<\/a><\/p>\n","protected":false},"author":2,"featured_media":6060,"comment_status":"closed","ping_status":"closed","sticky":false,"template":"","format":"standard","meta":{"footnotes":""},"categories":[1],"tags":[],"class_list":["post-12033","post","type-post","status-publish","format-standard","has-post-thumbnail","hentry","category-cronica"],"_links":{"self":[{"href":"https:\/\/www.radiopresidenteibanez.cl\/web\/wp-json\/wp\/v2\/posts\/12033","targetHints":{"allow":["GET"]}}],"collection":[{"href":"https:\/\/www.radiopresidenteibanez.cl\/web\/wp-json\/wp\/v2\/posts"}],"about":[{"href":"https:\/\/www.radiopresidenteibanez.cl\/web\/wp-json\/wp\/v2\/types\/post"}],"author":[{"embeddable":true,"href":"https:\/\/www.radiopresidenteibanez.cl\/web\/wp-json\/wp\/v2\/users\/2"}],"replies":[{"embeddable":true,"href":"https:\/\/www.radiopresidenteibanez.cl\/web\/wp-json\/wp\/v2\/comments?post=12033"}],"version-history":[{"count":0,"href":"https:\/\/www.radiopresidenteibanez.cl\/web\/wp-json\/wp\/v2\/posts\/12033\/revisions"}],"wp:featuredmedia":[{"embeddable":true,"href":"https:\/\/www.radiopresidenteibanez.cl\/web\/wp-json\/wp\/v2\/media\/6060"}],"wp:attachment":[{"href":"https:\/\/www.radiopresidenteibanez.cl\/web\/wp-json\/wp\/v2\/media?parent=12033"}],"wp:term":[{"taxonomy":"category","embeddable":true,"href":"https:\/\/www.radiopresidenteibanez.cl\/web\/wp-json\/wp\/v2\/categories?post=12033"},{"taxonomy":"post_tag","embeddable":true,"href":"https:\/\/www.radiopresidenteibanez.cl\/web\/wp-json\/wp\/v2\/tags?post=12033"}],"curies":[{"name":"wp","href":"https:\/\/api.w.org\/{rel}","templated":true}]}}