{"id":12031,"date":"2020-05-19T03:23:37","date_gmt":"2020-05-19T03:23:37","guid":{"rendered":"https:\/\/www.radiopresidenteibanez.cl\/web\/?p=12031"},"modified":"2020-05-19T03:23:42","modified_gmt":"2020-05-19T03:23:42","slug":"concejales-esperan-que-municipio-elabore-protocolos-para-que-vendedores-ambulantes-establecidos-vuelvan-a-trabajar-con-todas-las-medidas-sanitarias","status":"publish","type":"post","link":"https:\/\/www.radiopresidenteibanez.cl\/web\/concejales-esperan-que-municipio-elabore-protocolos-para-que-vendedores-ambulantes-establecidos-vuelvan-a-trabajar-con-todas-las-medidas-sanitarias\/","title":{"rendered":"CONCEJALES ESPERAN QUE MUNICIPIO ELABORE PROTOCOLOS PARA QUE VENDEDORES AMBULANTES ESTABLECIDOS VUELVAN A TRABAJAR CON TODAS LAS MEDIDAS SANITARIAS"},"content":{"rendered":"\n<p>En la sesi\u00f3n\nextraordinaria N\u00b059 del Concejo Municipal de Punta Arenas, se analiz\u00f3 la\nsituaci\u00f3n que viven cerca de 70 personas que mantienen patentes como vendedores\nambulantes en la ciudad capital de Magallanes, los cuales no han podido\ntrabajar desde el comienzo de la cuarentena.<\/p>\n\n\n\n<p>Una de las\nquejas de los distintos concejales fue el trato que se le ha dado a estas, ya\nque luego del levantamiento del confinamiento obligatorio, solo pudieron abrir\ngrandes tiendas o pymes de la comuna, pero se dejo a un grupo importante de\ntrabajadores sin su sustento diario.<\/p>\n\n\n\n<p>En este sentido, el concejal Arturo D\u00edaz, expres\u00f3 que \u201cera necesario analizar esta situaci\u00f3n por eso lo pusimos en tabla en la comisi\u00f3n de salud, donde se analizo cada uno de los par\u00e1metros para que ellos vuelvan a trabajar con todas las medidas necesarias\u201d.<\/p>\n\n\n\n<p>As\u00ed tambi\u00e9n, varios\nconcejales habr\u00edan sostenido reuniones con el presidente del Colegio M\u00e9dico,\nGonzalo S\u00e1ez, quien vio viable establecer el comercio ambulante con las medidas\nde protecci\u00f3n personal tanto para ellos como los clientes.<\/p>\n\n\n\n<p>Por su parte la concejala, Ver\u00f3nica Aguilar, coment\u00f3 que \u201clos vendedores ambulantes necesitan trabajar, pero deben optar todas las medidas sanitarias que sabemos que lo cumplir\u00e1n, esperemos que este protocolo se instaure r\u00e1pido por parte del municipio\u201d.<\/p>\n\n\n\n<p>Se espera que este protocolo sea elaborado en las pr\u00f3ximas horas para poder ser revisado con el concejo municipal y de ser aprobado, este grupo de 70 personas que se desempe\u00f1an en la venta ambulante puedan comenzar a trabajar durante esta semana.<\/p>\n\n\n\n<p><\/p>\n\n\n\n<p>CHH.<\/p>\n","protected":false},"excerpt":{"rendered":"<p>En la sesi\u00f3n extraordinaria N\u00b059 del Concejo Municipal de Punta Arenas, se analiz\u00f3 la situaci\u00f3n que viven cerca de 70 personas que mantienen patentes como vendedores ambulantes en la ciudad&#8230; <a class=\"read-more\" href=\"https:\/\/www.radiopresidenteibanez.cl\/web\/concejales-esperan-que-municipio-elabore-protocolos-para-que-vendedores-ambulantes-establecidos-vuelvan-a-trabajar-con-todas-las-medidas-sanitarias\/\">Leer m\u00e1s<\/a><\/p>\n","protected":false},"author":2,"featured_media":740,"comment_status":"closed","ping_status":"closed","sticky":false,"template":"","format":"standard","meta":{"footnotes":""},"categories":[1],"tags":[],"class_list":["post-12031","post","type-post","status-publish","format-standard","has-post-thumbnail","hentry","category-cronica"],"_links":{"self":[{"href":"https:\/\/www.radiopresidenteibanez.cl\/web\/wp-json\/wp\/v2\/posts\/12031","targetHints":{"allow":["GET"]}}],"collection":[{"href":"https:\/\/www.radiopresidenteibanez.cl\/web\/wp-json\/wp\/v2\/posts"}],"about":[{"href":"https:\/\/www.radiopresidenteibanez.cl\/web\/wp-json\/wp\/v2\/types\/post"}],"author":[{"embeddable":true,"href":"https:\/\/www.radiopresidenteibanez.cl\/web\/wp-json\/wp\/v2\/users\/2"}],"replies":[{"embeddable":true,"href":"https:\/\/www.radiopresidenteibanez.cl\/web\/wp-json\/wp\/v2\/comments?post=12031"}],"version-history":[{"count":0,"href":"https:\/\/www.radiopresidenteibanez.cl\/web\/wp-json\/wp\/v2\/posts\/12031\/revisions"}],"wp:featuredmedia":[{"embeddable":true,"href":"https:\/\/www.radiopresidenteibanez.cl\/web\/wp-json\/wp\/v2\/media\/740"}],"wp:attachment":[{"href":"https:\/\/www.radiopresidenteibanez.cl\/web\/wp-json\/wp\/v2\/media?parent=12031"}],"wp:term":[{"taxonomy":"category","embeddable":true,"href":"https:\/\/www.radiopresidenteibanez.cl\/web\/wp-json\/wp\/v2\/categories?post=12031"},{"taxonomy":"post_tag","embeddable":true,"href":"https:\/\/www.radiopresidenteibanez.cl\/web\/wp-json\/wp\/v2\/tags?post=12031"}],"curies":[{"name":"wp","href":"https:\/\/api.w.org\/{rel}","templated":true}]}}