{"id":12028,"date":"2020-05-19T03:03:52","date_gmt":"2020-05-19T03:03:52","guid":{"rendered":"https:\/\/www.radiopresidenteibanez.cl\/web\/?p=12028"},"modified":"2020-05-19T03:03:56","modified_gmt":"2020-05-19T03:03:56","slug":"adultos-mayores-fallecieron-debido-a-la-inhalacion-de-monoxido-de-carbono","status":"publish","type":"post","link":"https:\/\/www.radiopresidenteibanez.cl\/web\/adultos-mayores-fallecieron-debido-a-la-inhalacion-de-monoxido-de-carbono\/","title":{"rendered":"ADULTOS MAYORES FALLECIERON DEBIDO A LA INHALACI\u00d3N DE MON\u00d3XIDO DE CARBONO"},"content":{"rendered":"\n<p>Durante la\ntarde de ayer, Voluntarios de Bomberos se debieron dirigir hasta una vivienda\nubicada en calle Francisco Javier Reyna al llegar a Mart\u00ednez de Aldunate, luego\nde que fueron alertados por una posible fuga de gas al interior del hogar.<\/p>\n\n\n\n<p>En el lugar, se\nencontraron con el hallazgo de dos personas que se encontraban fallecidas por\ninhalaci\u00f3n de mon\u00f3xido de carbono, los\nadultos mayores fueron identificados como Sergio Rojo de 63 a\u00f1os y Adela\nMorales de 65 a\u00f1os.<\/p>\n\n\n\n<p>Hasta el lugar tambi\u00e9n se dirigi\u00f3 personal del Samu y Carabineros, estos \u00faltimos fueron quienes tomaron el procedimiento de rigor en estos casos.<\/p>\n\n\n\n<p><\/p>\n\n\n\n<p>CHH \/ imagen: 7ma Cia de Bomberos Punta Arenas<\/p>\n","protected":false},"excerpt":{"rendered":"<p>Durante la tarde de ayer, Voluntarios de Bomberos se debieron dirigir hasta una vivienda ubicada en calle Francisco Javier Reyna al llegar a Mart\u00ednez de Aldunate, luego de que fueron&#8230; <a class=\"read-more\" href=\"https:\/\/www.radiopresidenteibanez.cl\/web\/adultos-mayores-fallecieron-debido-a-la-inhalacion-de-monoxido-de-carbono\/\">Leer m\u00e1s<\/a><\/p>\n","protected":false},"author":2,"featured_media":12029,"comment_status":"closed","ping_status":"closed","sticky":false,"template":"","format":"standard","meta":{"footnotes":""},"categories":[1],"tags":[],"class_list":["post-12028","post","type-post","status-publish","format-standard","has-post-thumbnail","hentry","category-cronica"],"_links":{"self":[{"href":"https:\/\/www.radiopresidenteibanez.cl\/web\/wp-json\/wp\/v2\/posts\/12028","targetHints":{"allow":["GET"]}}],"collection":[{"href":"https:\/\/www.radiopresidenteibanez.cl\/web\/wp-json\/wp\/v2\/posts"}],"about":[{"href":"https:\/\/www.radiopresidenteibanez.cl\/web\/wp-json\/wp\/v2\/types\/post"}],"author":[{"embeddable":true,"href":"https:\/\/www.radiopresidenteibanez.cl\/web\/wp-json\/wp\/v2\/users\/2"}],"replies":[{"embeddable":true,"href":"https:\/\/www.radiopresidenteibanez.cl\/web\/wp-json\/wp\/v2\/comments?post=12028"}],"version-history":[{"count":0,"href":"https:\/\/www.radiopresidenteibanez.cl\/web\/wp-json\/wp\/v2\/posts\/12028\/revisions"}],"wp:featuredmedia":[{"embeddable":true,"href":"https:\/\/www.radiopresidenteibanez.cl\/web\/wp-json\/wp\/v2\/media\/12029"}],"wp:attachment":[{"href":"https:\/\/www.radiopresidenteibanez.cl\/web\/wp-json\/wp\/v2\/media?parent=12028"}],"wp:term":[{"taxonomy":"category","embeddable":true,"href":"https:\/\/www.radiopresidenteibanez.cl\/web\/wp-json\/wp\/v2\/categories?post=12028"},{"taxonomy":"post_tag","embeddable":true,"href":"https:\/\/www.radiopresidenteibanez.cl\/web\/wp-json\/wp\/v2\/tags?post=12028"}],"curies":[{"name":"wp","href":"https:\/\/api.w.org\/{rel}","templated":true}]}}