{"id":12025,"date":"2020-05-19T02:46:14","date_gmt":"2020-05-19T02:46:14","guid":{"rendered":"https:\/\/www.radiopresidenteibanez.cl\/web\/?p=12025"},"modified":"2020-05-19T02:46:19","modified_gmt":"2020-05-19T02:46:19","slug":"intendente-de-magallanes-se-encuentra-en-cuarentena-preventiva-a-la-espera-de-su-examen-pcr-de-covid-19","status":"publish","type":"post","link":"https:\/\/www.radiopresidenteibanez.cl\/web\/intendente-de-magallanes-se-encuentra-en-cuarentena-preventiva-a-la-espera-de-su-examen-pcr-de-covid-19\/","title":{"rendered":"INTENDENTE DE MAGALLANES SE ENCUENTRA EN CUARENTENA PREVENTIVA A LA ESPERA DE SU EXAMEN PCR DE COVID-19"},"content":{"rendered":"\n<p>El pasado domingo el intendente de la regi\u00f3n de Magallanes y\nAnt\u00e1rtica Chilena, Jos\u00e9 Fern\u00e1ndez, sometido al examen PCR para confirmar o\ndescartar si es portador del Coronavirus Covid-19, cuyo resultado estar\u00eda durante\nlas horas de este martes 19 de mayo.<\/p>\n\n\n\n<p>El d\u00eda de ayer, lunes 18 de mayo, llamo la atenci\u00f3n que la m\u00e1xima autoridad regional no realizar\u00e1 el tradicional punto de prensa con el balance regional del covid-19 de manera presencial con medios de comunicaciones, <\/p>\n\n\n\n<p>as\u00ed tambi\u00e9n se notific\u00f3 que su equipo m\u00e1s cercano de colaboradores tambi\u00e9n se encuentra en cuarentena preventiva a la espera de los resultados PCR\u00b4s.<\/p>\n\n\n\n<p><\/p>\n\n\n\n<p>CHH.<\/p>\n","protected":false},"excerpt":{"rendered":"<p>El pasado domingo el intendente de la regi\u00f3n de Magallanes y Ant\u00e1rtica Chilena, Jos\u00e9 Fern\u00e1ndez, sometido al examen PCR para confirmar o descartar si es portador del Coronavirus Covid-19, cuyo&#8230; <a class=\"read-more\" href=\"https:\/\/www.radiopresidenteibanez.cl\/web\/intendente-de-magallanes-se-encuentra-en-cuarentena-preventiva-a-la-espera-de-su-examen-pcr-de-covid-19\/\">Leer m\u00e1s<\/a><\/p>\n","protected":false},"author":2,"featured_media":12026,"comment_status":"closed","ping_status":"closed","sticky":false,"template":"","format":"standard","meta":{"footnotes":""},"categories":[1],"tags":[],"class_list":["post-12025","post","type-post","status-publish","format-standard","has-post-thumbnail","hentry","category-cronica"],"_links":{"self":[{"href":"https:\/\/www.radiopresidenteibanez.cl\/web\/wp-json\/wp\/v2\/posts\/12025","targetHints":{"allow":["GET"]}}],"collection":[{"href":"https:\/\/www.radiopresidenteibanez.cl\/web\/wp-json\/wp\/v2\/posts"}],"about":[{"href":"https:\/\/www.radiopresidenteibanez.cl\/web\/wp-json\/wp\/v2\/types\/post"}],"author":[{"embeddable":true,"href":"https:\/\/www.radiopresidenteibanez.cl\/web\/wp-json\/wp\/v2\/users\/2"}],"replies":[{"embeddable":true,"href":"https:\/\/www.radiopresidenteibanez.cl\/web\/wp-json\/wp\/v2\/comments?post=12025"}],"version-history":[{"count":0,"href":"https:\/\/www.radiopresidenteibanez.cl\/web\/wp-json\/wp\/v2\/posts\/12025\/revisions"}],"wp:featuredmedia":[{"embeddable":true,"href":"https:\/\/www.radiopresidenteibanez.cl\/web\/wp-json\/wp\/v2\/media\/12026"}],"wp:attachment":[{"href":"https:\/\/www.radiopresidenteibanez.cl\/web\/wp-json\/wp\/v2\/media?parent=12025"}],"wp:term":[{"taxonomy":"category","embeddable":true,"href":"https:\/\/www.radiopresidenteibanez.cl\/web\/wp-json\/wp\/v2\/categories?post=12025"},{"taxonomy":"post_tag","embeddable":true,"href":"https:\/\/www.radiopresidenteibanez.cl\/web\/wp-json\/wp\/v2\/tags?post=12025"}],"curies":[{"name":"wp","href":"https:\/\/api.w.org\/{rel}","templated":true}]}}