{"id":12020,"date":"2020-05-18T14:17:28","date_gmt":"2020-05-18T14:17:28","guid":{"rendered":"https:\/\/www.radiopresidenteibanez.cl\/web\/?p=12020"},"modified":"2020-05-18T14:17:32","modified_gmt":"2020-05-18T14:17:32","slug":"concejo-municipal-de-punta-arenas-analizara-este-lunes-contrato-de-estacionamientos-de-la-ciudad","status":"publish","type":"post","link":"https:\/\/www.radiopresidenteibanez.cl\/web\/concejo-municipal-de-punta-arenas-analizara-este-lunes-contrato-de-estacionamientos-de-la-ciudad\/","title":{"rendered":"CONCEJO MUNICIPAL DE PUNTA ARENAS, ANALIZAR\u00c1 ESTE LUNES CONTRATO DE ESTACIONAMIENTOS DE LA CIUDAD"},"content":{"rendered":"\n<p>Cerca de las 12:30 horas, comenzar\u00e1 una nueva sesi\u00f3n del concejo municipal de Punta Arenas, en la oportunidad se analizar\u00e1 el contrato correspondiente a los estacionamientos de la comuna, esto luego de las variadas denuncias realizada a la empresa por parte del municipio.<\/p>\n\n\n\n<p>As\u00ed tambi\u00e9n se inform\u00f3 que durante la ma\u00f1ana cerca de 25 personas saldr\u00edan a trabajar los tarjeteros, algo que llam\u00f3 la atenci\u00f3n debido a lo antes mencionado.<\/p>\n","protected":false},"excerpt":{"rendered":"<p>Cerca de las 12:30 horas, comenzar\u00e1 una nueva sesi\u00f3n del concejo municipal de Punta Arenas, en la oportunidad se analizar\u00e1 el contrato correspondiente a los estacionamientos de la comuna, esto&#8230; <a class=\"read-more\" href=\"https:\/\/www.radiopresidenteibanez.cl\/web\/concejo-municipal-de-punta-arenas-analizara-este-lunes-contrato-de-estacionamientos-de-la-ciudad\/\">Leer m\u00e1s<\/a><\/p>\n","protected":false},"author":2,"featured_media":740,"comment_status":"closed","ping_status":"closed","sticky":false,"template":"","format":"standard","meta":{"footnotes":""},"categories":[1],"tags":[],"class_list":["post-12020","post","type-post","status-publish","format-standard","has-post-thumbnail","hentry","category-cronica"],"_links":{"self":[{"href":"https:\/\/www.radiopresidenteibanez.cl\/web\/wp-json\/wp\/v2\/posts\/12020","targetHints":{"allow":["GET"]}}],"collection":[{"href":"https:\/\/www.radiopresidenteibanez.cl\/web\/wp-json\/wp\/v2\/posts"}],"about":[{"href":"https:\/\/www.radiopresidenteibanez.cl\/web\/wp-json\/wp\/v2\/types\/post"}],"author":[{"embeddable":true,"href":"https:\/\/www.radiopresidenteibanez.cl\/web\/wp-json\/wp\/v2\/users\/2"}],"replies":[{"embeddable":true,"href":"https:\/\/www.radiopresidenteibanez.cl\/web\/wp-json\/wp\/v2\/comments?post=12020"}],"version-history":[{"count":0,"href":"https:\/\/www.radiopresidenteibanez.cl\/web\/wp-json\/wp\/v2\/posts\/12020\/revisions"}],"wp:featuredmedia":[{"embeddable":true,"href":"https:\/\/www.radiopresidenteibanez.cl\/web\/wp-json\/wp\/v2\/media\/740"}],"wp:attachment":[{"href":"https:\/\/www.radiopresidenteibanez.cl\/web\/wp-json\/wp\/v2\/media?parent=12020"}],"wp:term":[{"taxonomy":"category","embeddable":true,"href":"https:\/\/www.radiopresidenteibanez.cl\/web\/wp-json\/wp\/v2\/categories?post=12020"},{"taxonomy":"post_tag","embeddable":true,"href":"https:\/\/www.radiopresidenteibanez.cl\/web\/wp-json\/wp\/v2\/tags?post=12020"}],"curies":[{"name":"wp","href":"https:\/\/api.w.org\/{rel}","templated":true}]}}