{"id":12017,"date":"2020-05-18T13:52:31","date_gmt":"2020-05-18T13:52:31","guid":{"rendered":"https:\/\/www.radiopresidenteibanez.cl\/web\/?p=12017"},"modified":"2020-05-18T13:52:35","modified_gmt":"2020-05-18T13:52:35","slug":"soldados-conscriptos-al-servicio-de-la-patria","status":"publish","type":"post","link":"https:\/\/www.radiopresidenteibanez.cl\/web\/soldados-conscriptos-al-servicio-de-la-patria\/","title":{"rendered":"SOLDADOS CONSCRIPTOS AL SERVICIO DE LA PATRIA"},"content":{"rendered":"\n<p>Hoy 18 de mayo el Ej\u00e9rcito de Chile, conmemora en todas las\nunidades militares el <strong><em>\u201cD\u00eda del Soldado Conscripto\u201d<\/em><\/strong> y muy\nparticularmente este a\u00f1o, queremos destacar la labor que desempe\u00f1an, tanto\nhombres y mujeres, al servicio de la patria, producto de la Pandemia que afecta\nal mundo entero.<\/p>\n\n\n\n<p>Esta conmemoraci\u00f3n fue establecida para destacar el desaf\u00edo, de todos\naquellos j\u00f3venes que cumplen con su deber c\u00edvico y que encarnan los valores esenciales\nde la tradici\u00f3n militar chilena como son la lealtad, la abnegaci\u00f3n el honor, el\ncumplimiento del deber y la disciplina para cautelar la Patria.<\/p>\n\n\n\n<p>Tambi\u00e9n destacar el testimonio de uno de ellos, hoy CB1 de esta Instituci\u00f3n,\ny quien hace 15 a\u00f1os atr\u00e1s, era un soldado conscripto que cumpl\u00eda con su\nservicio militar en el Regimiento Reforzado N\u00ba 17 \u201cLos \u00c1ngeles\u201d, a quien le\ntoc\u00f3 vivir la peor tragedia militar, pero quien a pesar de esta traum\u00e1tica\nexperiencia, vio en la Instituci\u00f3n una opci\u00f3n de vida.<\/p>\n\n\n\n<p>El hoy, CB1 Cristian Carrasco Novoa se encuentra encuadrado en el\nGrupo Blindado N\u00ba 6 \u201cDragones\u201d perteneciente a la 4\u00aa Brigada Acorazada\n\u201cChorrillos\u201d quien nos coment\u00f3 que su servicio militar lo realiz\u00f3 en el\nRegimiento Reforzado N\u00ba 17 \u201cLos \u00c1ngeles\u201d el a\u00f1o 2005, donde fue encuadrado como\nsoldado conscripto en la Compa\u00f1\u00eda Andina.<\/p>\n\n\n\n<p>Nos cuenta \u201clo que puedo rescatar despu\u00e9s de haber vivido esa\nexperiencia es que siempre est\u00e1 el recuerdo de los camaradas ca\u00eddos ese\nfat\u00eddico d\u00eda y sobretodo cuando se conmemoran 15 a\u00f1os de su partida. En lo\npersonal,con mucha fuerza para seguir realizando mi labor de la mejor manera\nposible en mi carrera militar\u201d. <\/p>\n\n\n\n<p>Valores como el trabajo en equipo, el compa\u00f1erismo, la lealtad y\nla vocaci\u00f3n entre otros, es lo que trata de inculcarle a las futuras\ngeneraciones, se\u00f1alando que: \u201cmi familia y la vocaci\u00f3n de servicio que se arraig\u00f3\ndespu\u00e9s de haber superado una experiencia tan fuerte como la vivida, es el\nmotivo de estar en esta Instituci\u00f3n\u201d.<\/p>\n\n\n\n<p>Ese es el principal mensaje que el CB1 Carrasco inculca a los\nj\u00f3venes que se encuentran realizando su servicio militar, quienes y debido a la\ncontingencia que estamos viviendo,llevan casi 14 meses sirviendo al pa\u00eds, extendiendo\nsu labor en beneficio de los ciudadanos. <\/p>\n\n\n\n<p>En nuestra regi\u00f3n, se encuentran desarrollando distintas funciones\nque van en apoyo a las medidas de fiscalizaci\u00f3n decretadas por la autoridad de\nsalud, acciones que tienen como \u00fanico objetivo proteger a la ciudadan\u00eda.<\/p>\n\n\n\n<p>Este es un reconocimiento a la labor que han venido desarrollando\ntodos los soldados que, con clara conciencia del significado del honor militar,\ny cumpliendo con el juramento realizado a la bandera, hoy se encuentran\ndesplegados ante esta emergencia sanitaria. <\/p>\n","protected":false},"excerpt":{"rendered":"<p>Hoy 18 de mayo el Ej\u00e9rcito de Chile, conmemora en todas las unidades militares el \u201cD\u00eda del Soldado Conscripto\u201d y muy particularmente este a\u00f1o, queremos destacar la labor que desempe\u00f1an,&#8230; <a class=\"read-more\" href=\"https:\/\/www.radiopresidenteibanez.cl\/web\/soldados-conscriptos-al-servicio-de-la-patria\/\">Leer m\u00e1s<\/a><\/p>\n","protected":false},"author":2,"featured_media":12018,"comment_status":"closed","ping_status":"closed","sticky":false,"template":"","format":"standard","meta":{"footnotes":""},"categories":[1],"tags":[],"class_list":["post-12017","post","type-post","status-publish","format-standard","has-post-thumbnail","hentry","category-cronica"],"_links":{"self":[{"href":"https:\/\/www.radiopresidenteibanez.cl\/web\/wp-json\/wp\/v2\/posts\/12017","targetHints":{"allow":["GET"]}}],"collection":[{"href":"https:\/\/www.radiopresidenteibanez.cl\/web\/wp-json\/wp\/v2\/posts"}],"about":[{"href":"https:\/\/www.radiopresidenteibanez.cl\/web\/wp-json\/wp\/v2\/types\/post"}],"author":[{"embeddable":true,"href":"https:\/\/www.radiopresidenteibanez.cl\/web\/wp-json\/wp\/v2\/users\/2"}],"replies":[{"embeddable":true,"href":"https:\/\/www.radiopresidenteibanez.cl\/web\/wp-json\/wp\/v2\/comments?post=12017"}],"version-history":[{"count":0,"href":"https:\/\/www.radiopresidenteibanez.cl\/web\/wp-json\/wp\/v2\/posts\/12017\/revisions"}],"wp:featuredmedia":[{"embeddable":true,"href":"https:\/\/www.radiopresidenteibanez.cl\/web\/wp-json\/wp\/v2\/media\/12018"}],"wp:attachment":[{"href":"https:\/\/www.radiopresidenteibanez.cl\/web\/wp-json\/wp\/v2\/media?parent=12017"}],"wp:term":[{"taxonomy":"category","embeddable":true,"href":"https:\/\/www.radiopresidenteibanez.cl\/web\/wp-json\/wp\/v2\/categories?post=12017"},{"taxonomy":"post_tag","embeddable":true,"href":"https:\/\/www.radiopresidenteibanez.cl\/web\/wp-json\/wp\/v2\/tags?post=12017"}],"curies":[{"name":"wp","href":"https:\/\/api.w.org\/{rel}","templated":true}]}}