{"id":12012,"date":"2020-05-18T13:08:55","date_gmt":"2020-05-18T13:08:55","guid":{"rendered":"https:\/\/www.radiopresidenteibanez.cl\/web\/?p=12012"},"modified":"2020-05-18T13:09:01","modified_gmt":"2020-05-18T13:09:01","slug":"avanzan-obras-de-mejoramiento-integral-del-rio-las-minas","status":"publish","type":"post","link":"https:\/\/www.radiopresidenteibanez.cl\/web\/avanzan-obras-de-mejoramiento-integral-del-rio-las-minas\/","title":{"rendered":"AVANZAN OBRAS DE MEJORAMIENTO INTEGRAL DEL R\u00cdO LAS MINAS"},"content":{"rendered":"\n<p>Un importante avance presenta las dos obras\nde Mejoramiento Integral del R\u00edo Las Minas, que ejecuta aguas arriba del Puente\nFrei la Direcci\u00f3n de Obras Hidr\u00e1ulicas del Ministerio de Obras P\u00fablicas.<\/p>\n\n\n\n<p>Ambas obras reanudaron sus trabajos\npresenciales el lunes 11 de mayo, tras la finalizaci\u00f3n de la cuarentena en\nPunta Arenas, y la adopci\u00f3n de una serie de medidas de prevenci\u00f3n y protocolos\nde seguridad para los trabajadores.<\/p>\n\n\n\n<p>Inform\u00f3 el Director Regional de Obras\nHidr\u00e1ulicas, Jorge Martinic, que se trata del \u00faltimo tramo de muros de hormig\u00f3n\ncorrespondiente a cerca de 520 metros lineales en el sector sur, contrato que\nse licit\u00f3 conjuntamente con la primera etapa de las obras de control\nsedimentol\u00f3gico, correspondientes a 80 metros app de radier de hormig\u00f3n armado\nde 40 cm de espesor. Adem\u00e1s considera la construcci\u00f3n de muros longitudinales\nde hormig\u00f3n armado en la ribera sur del R\u00edo Las Minas, en aproximadamente 20\nmetros lineales, para dar emplazamiento a la nueva pasarela que reemplazar\u00e1 la\nexistente en prolongaci\u00f3n Eusebio Lillo.<\/p>\n\n\n\n<p>Dicho proyecto, que presenta un 97 por ciento\nde avance, involucra una inversi\u00f3n de $ 4.561.489.254, estim\u00e1ndose el t\u00e9rmino\nde las obras para el segundo semestre del presente a\u00f1o. <\/p>\n\n\n\n<p>La construcci\u00f3n de las obras de control\nsedimentol\u00f3gico, en su segunda etapa, en tanto, que se estima est\u00e9 concluida el\nsegundo semestre de 2021, involucra una inversi\u00f3n de&nbsp; $2.458.609.866 y presenta un avance f\u00edsico de\nun 13 por ciento.<\/p>\n\n\n\n<p>\u201cCon la construcci\u00f3n de la primera obra de\ncontrol sedimentol\u00f3gico se marcar\u00e1 un hito a nivel nacional por la envergadura\ny tipo de la obra urbana. Adem\u00e1s permitir\u00e1 no solo contar con seguridad de\ncrecidas ante inundaciones, sino tambi\u00e9n contra crecidas con masivo arrastre de\nsedimentos como los que han generado tanto perjuicio en la ciudad y la\npoblaci\u00f3n en tiempos pasados\u201d, dijo el Seremi de Obras P\u00fablicas Pablo Rendoll. <\/p>\n\n\n\n<p>Inform\u00f3, en tanto, el Director Regional de\nObras Hidr\u00e1ulicas Jorge Martinic, que se trata de una obra cuya propuesta de\ndise\u00f1o deriv\u00f3 del Estudio Hidr\u00e1ulico y Mec\u00e1nico Fluvial R\u00edo De Las Minas y\nDimensionamiento Obras de Control Sedimentol\u00f3gico, contratado a la Universidad\nde Magallanes (UMAG) con posterioridad a las inundaciones del a\u00f1o 2012.<\/p>\n\n\n\n<p>A\u00f1adi\u00f3 que el estudio se enfoc\u00f3\nprincipalmente en el cumplimiento de dos objetivos; por una parte determinar\nlas obras y acciones necesarias para disminuir el riesgo de ocurrencia de\ninundaciones mediante el mejoramiento de la capacidad hidr\u00e1ulica del r\u00edo, y por\notra, minimizar los da\u00f1os producidos ante eventos de caracter\u00edsticas similares\na las del a\u00f1o 2012 a trav\u00e9s de la proposici\u00f3n de obras de control\nsedimentol\u00f3gico.<\/p>\n","protected":false},"excerpt":{"rendered":"<p>Un importante avance presenta las dos obras de Mejoramiento Integral del R\u00edo Las Minas, que ejecuta aguas arriba del Puente Frei la Direcci\u00f3n de Obras Hidr\u00e1ulicas del Ministerio de Obras&#8230; <a class=\"read-more\" href=\"https:\/\/www.radiopresidenteibanez.cl\/web\/avanzan-obras-de-mejoramiento-integral-del-rio-las-minas\/\">Leer m\u00e1s<\/a><\/p>\n","protected":false},"author":2,"featured_media":12013,"comment_status":"closed","ping_status":"closed","sticky":false,"template":"","format":"standard","meta":{"footnotes":""},"categories":[1],"tags":[],"class_list":["post-12012","post","type-post","status-publish","format-standard","has-post-thumbnail","hentry","category-cronica"],"_links":{"self":[{"href":"https:\/\/www.radiopresidenteibanez.cl\/web\/wp-json\/wp\/v2\/posts\/12012","targetHints":{"allow":["GET"]}}],"collection":[{"href":"https:\/\/www.radiopresidenteibanez.cl\/web\/wp-json\/wp\/v2\/posts"}],"about":[{"href":"https:\/\/www.radiopresidenteibanez.cl\/web\/wp-json\/wp\/v2\/types\/post"}],"author":[{"embeddable":true,"href":"https:\/\/www.radiopresidenteibanez.cl\/web\/wp-json\/wp\/v2\/users\/2"}],"replies":[{"embeddable":true,"href":"https:\/\/www.radiopresidenteibanez.cl\/web\/wp-json\/wp\/v2\/comments?post=12012"}],"version-history":[{"count":0,"href":"https:\/\/www.radiopresidenteibanez.cl\/web\/wp-json\/wp\/v2\/posts\/12012\/revisions"}],"wp:featuredmedia":[{"embeddable":true,"href":"https:\/\/www.radiopresidenteibanez.cl\/web\/wp-json\/wp\/v2\/media\/12013"}],"wp:attachment":[{"href":"https:\/\/www.radiopresidenteibanez.cl\/web\/wp-json\/wp\/v2\/media?parent=12012"}],"wp:term":[{"taxonomy":"category","embeddable":true,"href":"https:\/\/www.radiopresidenteibanez.cl\/web\/wp-json\/wp\/v2\/categories?post=12012"},{"taxonomy":"post_tag","embeddable":true,"href":"https:\/\/www.radiopresidenteibanez.cl\/web\/wp-json\/wp\/v2\/tags?post=12012"}],"curies":[{"name":"wp","href":"https:\/\/api.w.org\/{rel}","templated":true}]}}