{"id":12008,"date":"2020-05-17T23:28:12","date_gmt":"2020-05-17T23:28:12","guid":{"rendered":"https:\/\/www.radiopresidenteibanez.cl\/web\/?p=12008"},"modified":"2020-05-17T23:28:17","modified_gmt":"2020-05-17T23:28:17","slug":"pdi-de-punta-arenas-detiene-a-colombiano-profugo-requerido-por-interpol","status":"publish","type":"post","link":"https:\/\/www.radiopresidenteibanez.cl\/web\/pdi-de-punta-arenas-detiene-a-colombiano-profugo-requerido-por-interpol\/","title":{"rendered":"PDI DE PUNTA ARENAS DETIENE A COLOMBIANO PR\u00d3FUGO REQUERIDO POR INTERPOL"},"content":{"rendered":"\n<p>Detectives de la Brigada Antinarc\u00f3ticos y Contra el Crimen Organizado Punta\nArenas detuvieron este domingo en la capital magall\u00e1nica a un ciudadano\ncolombiano que mantiene notificaci\u00f3n roja de Interpol y es requerido por\nArgentina con miras a su extradici\u00f3n, por el delito de contrabando de\nestupefacientes.<\/p>\n\n\n\n<p>El procedimiento se gest\u00f3 gracias a coordinaciones realizadas con la\nOficina Central Nacional (OCN) Interpol Santiago, dependiente de la Polic\u00eda de\nInvestigaciones, en virtud a una orden de detenci\u00f3n del ciudadano de iniciales\nH.A.A.E. y 36 a\u00f1os, emanada de la Corte Suprema. <\/p>\n\n\n\n<p>El comisario Patricio Flores, jefe de la Brigada Antinarc\u00f3ticos y Contra el\nCrimen Organizado Punta Arenas se\u00f1al\u00f3 que \u201cdetectives de la Brianco Punta\nArenas desde el d\u00eda viernes se abocaron a realizar diversas diligencias\ntendientes a la ubicaci\u00f3n de esta persona. Es por esto que el domingo cerca del\nmediod\u00eda se logr\u00f3 dar con el paradero y la detenci\u00f3n de este ciudadano\ncolombiano\u201d<\/p>\n\n\n\n<p>El oficial agreg\u00f3 adem\u00e1s, que tras la detenci\u00f3n \u201cse encontr\u00f3 entre las\nvestimentas de este ciudadano, 500 d\u00f3lares falsificados, los cuales fueron\npericiados por peritos documentales del Laboratorio de Criminal\u00edstica Regional\nPunta Arenas\u201d. <\/p>\n\n\n\n<p>Finalmente, los antecedentes fueron puestos a disposici\u00f3n del Ministerio\nP\u00fablico y este lunes se realizar\u00e1 la audiencia de control de detenci\u00f3n. <\/p>\n","protected":false},"excerpt":{"rendered":"<p>Detectives de la Brigada Antinarc\u00f3ticos y Contra el Crimen Organizado Punta Arenas detuvieron este domingo en la capital magall\u00e1nica a un ciudadano colombiano que mantiene notificaci\u00f3n roja de Interpol y&#8230; <a class=\"read-more\" href=\"https:\/\/www.radiopresidenteibanez.cl\/web\/pdi-de-punta-arenas-detiene-a-colombiano-profugo-requerido-por-interpol\/\">Leer m\u00e1s<\/a><\/p>\n","protected":false},"author":2,"featured_media":12009,"comment_status":"closed","ping_status":"closed","sticky":false,"template":"","format":"standard","meta":{"footnotes":""},"categories":[1],"tags":[],"class_list":["post-12008","post","type-post","status-publish","format-standard","has-post-thumbnail","hentry","category-cronica"],"_links":{"self":[{"href":"https:\/\/www.radiopresidenteibanez.cl\/web\/wp-json\/wp\/v2\/posts\/12008","targetHints":{"allow":["GET"]}}],"collection":[{"href":"https:\/\/www.radiopresidenteibanez.cl\/web\/wp-json\/wp\/v2\/posts"}],"about":[{"href":"https:\/\/www.radiopresidenteibanez.cl\/web\/wp-json\/wp\/v2\/types\/post"}],"author":[{"embeddable":true,"href":"https:\/\/www.radiopresidenteibanez.cl\/web\/wp-json\/wp\/v2\/users\/2"}],"replies":[{"embeddable":true,"href":"https:\/\/www.radiopresidenteibanez.cl\/web\/wp-json\/wp\/v2\/comments?post=12008"}],"version-history":[{"count":0,"href":"https:\/\/www.radiopresidenteibanez.cl\/web\/wp-json\/wp\/v2\/posts\/12008\/revisions"}],"wp:featuredmedia":[{"embeddable":true,"href":"https:\/\/www.radiopresidenteibanez.cl\/web\/wp-json\/wp\/v2\/media\/12009"}],"wp:attachment":[{"href":"https:\/\/www.radiopresidenteibanez.cl\/web\/wp-json\/wp\/v2\/media?parent=12008"}],"wp:term":[{"taxonomy":"category","embeddable":true,"href":"https:\/\/www.radiopresidenteibanez.cl\/web\/wp-json\/wp\/v2\/categories?post=12008"},{"taxonomy":"post_tag","embeddable":true,"href":"https:\/\/www.radiopresidenteibanez.cl\/web\/wp-json\/wp\/v2\/tags?post=12008"}],"curies":[{"name":"wp","href":"https:\/\/api.w.org\/{rel}","templated":true}]}}