{"id":12003,"date":"2020-05-17T23:19:56","date_gmt":"2020-05-17T23:19:56","guid":{"rendered":"https:\/\/www.radiopresidenteibanez.cl\/web\/?p=12003"},"modified":"2020-05-17T23:20:03","modified_gmt":"2020-05-17T23:20:03","slug":"dos-autos-al-corral-y-cuatro-detenidos-fue-el-balance-de-fiscalizacion-nocturna-en-la-costanera","status":"publish","type":"post","link":"https:\/\/www.radiopresidenteibanez.cl\/web\/dos-autos-al-corral-y-cuatro-detenidos-fue-el-balance-de-fiscalizacion-nocturna-en-la-costanera\/","title":{"rendered":"DOS AUTOS AL CORRAL Y CUATRO DETENIDOS FUE EL BALANCE DE FISCALIZACI\u00d3N NOCTURNA EN LA COSTANERA"},"content":{"rendered":"\n<p>Debido al constante malestar y desagrado que generan las carreras clandestinas en la Costanera y otros sectores de la ciudad, la coordinadora de Seguridad P\u00fablica, Jennifer Rojas y el alcalde Claudio Radonich, solicitaron la colaboraci\u00f3n de Carabineros de Chile para aumentar la fiscalizaci\u00f3n en ciertos puntos del sector, lo cual se concret\u00f3 la noche de este s\u00e1bado y madrugada del domingo, dando como resultado la detenci\u00f3n de 4 personas y el retiro de 2 veh\u00edculos de circulaci\u00f3n.<\/p>\n\n\n\n<p>\u201cEl aumento de carreras clandestinas; el abuso de autos roncadores durante la noche, incluso en horarios de toque de queda y la nula conciencia de ciertas personas, ha generado muchos reclamos de nuestros vecinos, tanto al fono de Carabineros como a nuestra l\u00ednea&nbsp;800 800 134, raz\u00f3n por la cual solicitamos el apoyo y colaboraci\u00f3n para poder concretar fiscalizaciones durante las noches\u201d, explic\u00f3 Radonich.<\/p>\n\n\n\n<p>Por su parte, la coordinadora de Seguridad P\u00fablica, Jennifer Rojas agreg\u00f3 que \u201cpese a los m\u00faltiples llamados al auto cuidado, siguen existiendo personas que incumplen las normas, poniendo en riesgo su salud y la del resto. Quiero insistir que Carabineros en conjunto con la Municipalidad de Punta Arenas, seguir\u00e1n controlando con m\u00e1xima rigurosidad, porque no es entendible que ante una pandemia como la que estamos viviendo, las personas no respeten las disposiciones de emergencia\u201d.<\/p>\n\n\n\n<p>En ese sentido, el Alcalde a\u00f1adi\u00f3 que \u201crespondiendo al llamado de vecinos a nuestra l\u00ednea&nbsp;800 800 134, coordinamos junto a Carabineros de Chile y la Encargada de Seguridad P\u00fablica, Jennifer Rojas, un procedimiento el d\u00eda s\u00e1bado durante la noche y la madrugada del domingo, lo que continuaremos desarrollando\u201d.<\/p>\n\n\n\n<p>Finalmente, las autoridades dijeron que estas fiscalizaciones continuar\u00e1n de manera constante y permanente, ya que la acci\u00f3n de unos pocos generan molestia e inseguridad para todos, poniendo en peligro al resto de la comunidad con su irresponsabilidad.<\/p>\n","protected":false},"excerpt":{"rendered":"<p>Debido al constante malestar y desagrado que generan las carreras clandestinas en la Costanera y otros sectores de la ciudad, la coordinadora de Seguridad P\u00fablica, Jennifer Rojas y el alcalde&#8230; <a class=\"read-more\" href=\"https:\/\/www.radiopresidenteibanez.cl\/web\/dos-autos-al-corral-y-cuatro-detenidos-fue-el-balance-de-fiscalizacion-nocturna-en-la-costanera\/\">Leer m\u00e1s<\/a><\/p>\n","protected":false},"author":2,"featured_media":12004,"comment_status":"closed","ping_status":"closed","sticky":false,"template":"","format":"standard","meta":{"footnotes":""},"categories":[1],"tags":[],"class_list":["post-12003","post","type-post","status-publish","format-standard","has-post-thumbnail","hentry","category-cronica"],"_links":{"self":[{"href":"https:\/\/www.radiopresidenteibanez.cl\/web\/wp-json\/wp\/v2\/posts\/12003","targetHints":{"allow":["GET"]}}],"collection":[{"href":"https:\/\/www.radiopresidenteibanez.cl\/web\/wp-json\/wp\/v2\/posts"}],"about":[{"href":"https:\/\/www.radiopresidenteibanez.cl\/web\/wp-json\/wp\/v2\/types\/post"}],"author":[{"embeddable":true,"href":"https:\/\/www.radiopresidenteibanez.cl\/web\/wp-json\/wp\/v2\/users\/2"}],"replies":[{"embeddable":true,"href":"https:\/\/www.radiopresidenteibanez.cl\/web\/wp-json\/wp\/v2\/comments?post=12003"}],"version-history":[{"count":0,"href":"https:\/\/www.radiopresidenteibanez.cl\/web\/wp-json\/wp\/v2\/posts\/12003\/revisions"}],"wp:featuredmedia":[{"embeddable":true,"href":"https:\/\/www.radiopresidenteibanez.cl\/web\/wp-json\/wp\/v2\/media\/12004"}],"wp:attachment":[{"href":"https:\/\/www.radiopresidenteibanez.cl\/web\/wp-json\/wp\/v2\/media?parent=12003"}],"wp:term":[{"taxonomy":"category","embeddable":true,"href":"https:\/\/www.radiopresidenteibanez.cl\/web\/wp-json\/wp\/v2\/categories?post=12003"},{"taxonomy":"post_tag","embeddable":true,"href":"https:\/\/www.radiopresidenteibanez.cl\/web\/wp-json\/wp\/v2\/tags?post=12003"}],"curies":[{"name":"wp","href":"https:\/\/api.w.org\/{rel}","templated":true}]}}