{"id":12000,"date":"2020-05-17T23:10:40","date_gmt":"2020-05-17T23:10:40","guid":{"rendered":"https:\/\/www.radiopresidenteibanez.cl\/web\/?p=12000"},"modified":"2020-05-17T23:10:44","modified_gmt":"2020-05-17T23:10:44","slug":"punta-arenas-logra-certificacion-ambiental-intermedia-y-sube-de-nivel","status":"publish","type":"post","link":"https:\/\/www.radiopresidenteibanez.cl\/web\/punta-arenas-logra-certificacion-ambiental-intermedia-y-sube-de-nivel\/","title":{"rendered":"PUNTA ARENAS LOGRA CERTIFICACI\u00d3N AMBIENTAL INTERMEDIA Y SUBE DE NIVEL"},"content":{"rendered":"\n<p>El pasado 12 de mayo, la secretar\u00eda ministerial de Medio Ambiente, inform\u00f3 a trav\u00e9s de su representantes regional, Eduardo Schiappacasse, que la Municipalidad de Punta Arenas ha obtenido la certificaci\u00f3n ambiental nivel intermedio, al cumplir con los requisitos y la evaluaci\u00f3n que le permite avanzar y aumentar en su calificaci\u00f3n.<\/p>\n\n\n\n<p>La noticia, fue valorada y destacada por el alcalde Claudio Radonich quien explic\u00f3 que \u201chemos realizado un trabajo constante y ordenado en el tiempo, incorporando estrategias y ense\u00f1ando a nuestros vecinos a reciclar y mantener nuestra ciudad limpia, por lo que agradezco la colaboraci\u00f3n del Ministerio de Medio Ambiente y el trabajo de los funcionarios municipales que han estado trabajando en ello\u201d.<\/p>\n\n\n\n<p>Asimismo, Radonich entreg\u00f3 detalles del trabajo desarrollado durante el 2019, ya que seg\u00fan expuso, \u201cel Programa Punta Arenas Recicla, logr\u00f3 rescatar de la basura 670 mil botellas de vidrio, gracias al convenio de colaboraci\u00f3n vigente con Cristaler\u00edas Chile, Transmares y Cervecer\u00eda Austral, lo que se suma al cart\u00f3n, que s\u00f3lo el a\u00f1o pasado evit\u00f3 la tala de poco m\u00e1s de 3 mil \u00e1rboles\u201d.<\/p>\n\n\n\n<p>Esto se suma a un logro significativo para la comuna, que tiene relaci\u00f3n con el retiro de 2 mil 500 neum\u00e1ticos desde los espacios p\u00fablicos de la ciudad, los que fueron trasladados gracias a un proyecto municipal, hasta la planta recicladora ubicada a 70 kil\u00f3metros de Punta Arenas, lugar en el que es convertido en Caucho o EcoAsfalto.<\/p>\n\n\n\n<p>El alcalde destac\u00f3 tambi\u00e9n el trabajo que se ha desarrollado desde hace ya un buen tiempo, y que refiere al Retiro de Cachureos, \u201cuna innovadora iniciativa que ha logrado limpiar los patios y espacios comunes de nuestros vecinos, pero tambi\u00e9n disminuir ostensiblemente los basurales en los sectores perif\u00e9ricos de Punta Arenas, todo esto con la ayuda de la empresa regional \u00c1reas Verdes\u201d.<\/p>\n\n\n\n<p>Finalmente, desde el Municipio agregaron todo esto se suma al constante reciclaje en el organismo comunal, ya que adem\u00e1s de utilizar material sustentable, se han bajado los costos operacionales relacionados al PAPEL.<\/p>\n","protected":false},"excerpt":{"rendered":"<p>El pasado 12 de mayo, la secretar\u00eda ministerial de Medio Ambiente, inform\u00f3 a trav\u00e9s de su representantes regional, Eduardo Schiappacasse, que la Municipalidad de Punta Arenas ha obtenido la certificaci\u00f3n&#8230; <a class=\"read-more\" href=\"https:\/\/www.radiopresidenteibanez.cl\/web\/punta-arenas-logra-certificacion-ambiental-intermedia-y-sube-de-nivel\/\">Leer m\u00e1s<\/a><\/p>\n","protected":false},"author":2,"featured_media":12001,"comment_status":"closed","ping_status":"closed","sticky":false,"template":"","format":"standard","meta":{"footnotes":""},"categories":[1],"tags":[],"class_list":["post-12000","post","type-post","status-publish","format-standard","has-post-thumbnail","hentry","category-cronica"],"_links":{"self":[{"href":"https:\/\/www.radiopresidenteibanez.cl\/web\/wp-json\/wp\/v2\/posts\/12000","targetHints":{"allow":["GET"]}}],"collection":[{"href":"https:\/\/www.radiopresidenteibanez.cl\/web\/wp-json\/wp\/v2\/posts"}],"about":[{"href":"https:\/\/www.radiopresidenteibanez.cl\/web\/wp-json\/wp\/v2\/types\/post"}],"author":[{"embeddable":true,"href":"https:\/\/www.radiopresidenteibanez.cl\/web\/wp-json\/wp\/v2\/users\/2"}],"replies":[{"embeddable":true,"href":"https:\/\/www.radiopresidenteibanez.cl\/web\/wp-json\/wp\/v2\/comments?post=12000"}],"version-history":[{"count":0,"href":"https:\/\/www.radiopresidenteibanez.cl\/web\/wp-json\/wp\/v2\/posts\/12000\/revisions"}],"wp:featuredmedia":[{"embeddable":true,"href":"https:\/\/www.radiopresidenteibanez.cl\/web\/wp-json\/wp\/v2\/media\/12001"}],"wp:attachment":[{"href":"https:\/\/www.radiopresidenteibanez.cl\/web\/wp-json\/wp\/v2\/media?parent=12000"}],"wp:term":[{"taxonomy":"category","embeddable":true,"href":"https:\/\/www.radiopresidenteibanez.cl\/web\/wp-json\/wp\/v2\/categories?post=12000"},{"taxonomy":"post_tag","embeddable":true,"href":"https:\/\/www.radiopresidenteibanez.cl\/web\/wp-json\/wp\/v2\/tags?post=12000"}],"curies":[{"name":"wp","href":"https:\/\/api.w.org\/{rel}","templated":true}]}}