{"id":11995,"date":"2020-05-16T17:58:18","date_gmt":"2020-05-16T17:58:18","guid":{"rendered":"https:\/\/www.radiopresidenteibanez.cl\/web\/?p=11995"},"modified":"2020-05-16T17:58:22","modified_gmt":"2020-05-16T17:58:22","slug":"consejeros-regionales-se-reunen-con-seremi-de-economia-y-directora-de-sercotec-magallanes-para-analizar-estrategias-de-reactivacion-economica","status":"publish","type":"post","link":"https:\/\/www.radiopresidenteibanez.cl\/web\/consejeros-regionales-se-reunen-con-seremi-de-economia-y-directora-de-sercotec-magallanes-para-analizar-estrategias-de-reactivacion-economica\/","title":{"rendered":"CONSEJEROS REGIONALES SE RE\u00daNEN CON SEREMI DE ECONOM\u00cdA Y DIRECTORA DE SERCOTEC MAGALLANES PARA ANALIZAR ESTRATEGIAS DE REACTIVACI\u00d3N ECON\u00d3MICA"},"content":{"rendered":"\n<p>Este viernes los integrantes del\nCORE se reunieron con la seremi de Econom\u00eda, Natalia Easton Cortesi y la\ndirectora regional de Sercotec, Mar\u00eda Soledad Solo de Zald\u00edvar, a fin de analizar\nlos programas y convenios de cofinanciamiento vigentes en busca de priorizar aquellas\niniciativas y estrategias que promuevan la generaci\u00f3n de mano de obra y la\nreactivaci\u00f3n de las peque\u00f1as y medianas empresas en Magallanes. &nbsp;En la reuni\u00f3n convocada por las comisiones\nPresupuesto e Infraestructura tambi\u00e9n estuvo presente el jefe de la Divisi\u00f3n de\nPresupuesto e Inversi\u00f3n Regional (DIPIR), Iv\u00e1n Ulloa Villarroel. <\/p>\n\n\n\n<p>Seg\u00fan coment\u00f3 el presidente de la\ncomisi\u00f3n Presupuesto, Ram\u00f3n Lobos V\u00e1squez, en la oportunidad se abordaron temas\nque tienen que ver con la reactivaci\u00f3n econ\u00f3mica pensando en la fase posterior,\nuna vez que se logre avanzar en el combate a la pandemia desde el aspecto de la\nsalud. &nbsp;\u201cSe est\u00e1n revisando los proyectos\na fin de liberar fondos que permitan ayudas espec\u00edficas y redireccionando&nbsp; convenios que van en la misma l\u00ednea. En\ndefinitiva, se trata de buscar la forma de que con lo hecho, logremos hacer m\u00e1s\nhacia la gente que lo va a requerir y con lo que viene, generar proyectos y\nprogramas que signifiquen un incentivo y que los fondos regionales sirvan para\nfavorecer la generaci\u00f3n de mano de obra e incentivar las peque\u00f1as y medianas\nempresas\u201d, detall\u00f3. <\/p>\n\n\n\n<p>Por su parte el consejero\nrepresentante de la provincia, \u00daltima Esperanza, Tolentino Soto Espa\u00f1a, destac\u00f3\nel trabajo que viene realizando el CORE a trav\u00e9s de sus distintas comisiones. \u201cOportunamente\nse logr\u00f3 el traspaso de recursos al sector Salud y al \u00e1rea Social a manera de\nir construyendo una agenda de aprobaci\u00f3n y anticiparse a la soluci\u00f3n de los\nproblemas que ha tra\u00eddo el coronavirus\u201d. <\/p>\n\n\n\n<p>\u201cHoy se nos inform\u00f3 respecto a\nplanes contingentes que fueron readecuados para poder llegar con ayuda directa\na los micro y peque\u00f1os empresarios, recursos frescos que les permitan salir de\nesta dif\u00edcil situaci\u00f3n. La idea es potenciar de alguna manera estas empresas y contribuir\npara que logren pagar salarios a sus trabajadores y en otros casos los insumos.&nbsp; Los recursos ya est\u00e1n aprobados y a\ndisposici\u00f3n, ahora hay que operativizarlos y en ese sentido es importante hacer\nun llamado a todos los servicios p\u00fablicos a ocupar los recursos de forma\noportuna y coordinada. No se ve bien cuando aparecen ayudas de diferentes\nsectores ya que el bolsillo del Estado es uno solo, entonces se debe\ncalendarizar y coordinar de mejor forma\u201d, concluy\u00f3 el consejero Soto. <\/p>\n\n\n\n<p>El Consejo Regional tambi\u00e9n se encuentra\nparticipando en todas las mesas de trabajo convocadas por el Gobierno Regional\npara la \u201cEstrategia Regional COVID-19\u201d y el pr\u00f3ximo lunes a partir de las 17\nhoras, se efectuar\u00e1 de manera semipresencial la sesi\u00f3n Plenaria N\u00b010.<\/p>\n","protected":false},"excerpt":{"rendered":"<p>Este viernes los integrantes del CORE se reunieron con la seremi de Econom\u00eda, Natalia Easton Cortesi y la directora regional de Sercotec, Mar\u00eda Soledad Solo de Zald\u00edvar, a fin de&#8230; <a class=\"read-more\" href=\"https:\/\/www.radiopresidenteibanez.cl\/web\/consejeros-regionales-se-reunen-con-seremi-de-economia-y-directora-de-sercotec-magallanes-para-analizar-estrategias-de-reactivacion-economica\/\">Leer m\u00e1s<\/a><\/p>\n","protected":false},"author":2,"featured_media":11996,"comment_status":"closed","ping_status":"closed","sticky":false,"template":"","format":"standard","meta":{"footnotes":""},"categories":[1],"tags":[],"class_list":["post-11995","post","type-post","status-publish","format-standard","has-post-thumbnail","hentry","category-cronica"],"_links":{"self":[{"href":"https:\/\/www.radiopresidenteibanez.cl\/web\/wp-json\/wp\/v2\/posts\/11995","targetHints":{"allow":["GET"]}}],"collection":[{"href":"https:\/\/www.radiopresidenteibanez.cl\/web\/wp-json\/wp\/v2\/posts"}],"about":[{"href":"https:\/\/www.radiopresidenteibanez.cl\/web\/wp-json\/wp\/v2\/types\/post"}],"author":[{"embeddable":true,"href":"https:\/\/www.radiopresidenteibanez.cl\/web\/wp-json\/wp\/v2\/users\/2"}],"replies":[{"embeddable":true,"href":"https:\/\/www.radiopresidenteibanez.cl\/web\/wp-json\/wp\/v2\/comments?post=11995"}],"version-history":[{"count":0,"href":"https:\/\/www.radiopresidenteibanez.cl\/web\/wp-json\/wp\/v2\/posts\/11995\/revisions"}],"wp:featuredmedia":[{"embeddable":true,"href":"https:\/\/www.radiopresidenteibanez.cl\/web\/wp-json\/wp\/v2\/media\/11996"}],"wp:attachment":[{"href":"https:\/\/www.radiopresidenteibanez.cl\/web\/wp-json\/wp\/v2\/media?parent=11995"}],"wp:term":[{"taxonomy":"category","embeddable":true,"href":"https:\/\/www.radiopresidenteibanez.cl\/web\/wp-json\/wp\/v2\/categories?post=11995"},{"taxonomy":"post_tag","embeddable":true,"href":"https:\/\/www.radiopresidenteibanez.cl\/web\/wp-json\/wp\/v2\/tags?post=11995"}],"curies":[{"name":"wp","href":"https:\/\/api.w.org\/{rel}","templated":true}]}}