{"id":11993,"date":"2020-05-16T17:33:02","date_gmt":"2020-05-16T17:33:02","guid":{"rendered":"https:\/\/www.radiopresidenteibanez.cl\/web\/?p=11993"},"modified":"2020-05-16T17:33:07","modified_gmt":"2020-05-16T17:33:07","slug":"subsecretaria-y-directora-nacional-de-turismo-se-reunen-con-actores-clave-del-turismo-regional-para-trabajar-en-una-hoja-de-ruta-de-cara-a-la-recuperacion-y-reactivacion-de-la-industria","status":"publish","type":"post","link":"https:\/\/www.radiopresidenteibanez.cl\/web\/subsecretaria-y-directora-nacional-de-turismo-se-reunen-con-actores-clave-del-turismo-regional-para-trabajar-en-una-hoja-de-ruta-de-cara-a-la-recuperacion-y-reactivacion-de-la-industria\/","title":{"rendered":"SUBSECRETARIA Y DIRECTORA NACIONAL DE TURISMO SE RE\u00daNEN CON ACTORES CLAVE DEL TURISMO REGIONAL, PARA TRABAJAR EN UNA HOJA DE RUTA DE CARA A LA RECUPERACI\u00d3N Y REACTIVACI\u00d3N DE LA INDUSTRIA"},"content":{"rendered":"\n<p>Se\ndesarroll\u00f3 un importante encuentro p\u00fablico \u2013 privado, con el objetivo de trazar\nuna hoja de ruta para enfrentar la dura crisis que afecta en la actualidad a la\nindustria tur\u00edstica. La instancia fue convocada por Sernatur Magallanes y\nencabezada por la Subsecretaria de Turismo, M\u00f3nica Zalaquett, y la Directora Nacional\nde Turismo, Andrea Wolleter. La actividad cont\u00f3 con la participaci\u00f3n del Intendente\nRegional, Jos\u00e9 Fern\u00e1ndez D\u00fcbrock, la SEREMI de Econom\u00eda, Fomento y Turismo,\nNatalia Easton, alcaldes y autoridades locales de diversos sectores vinculados\nal desarrollo tur\u00edstico regional, que se sumaron a esta convocatoria que\nconvoc\u00f3 a m\u00e1s de 200 asistentes, con una importante participaci\u00f3n de c\u00e1maras,\noperadores tur\u00edsticos y la academia, que en forma muy activa se hicieron parte\nde la reuni\u00f3n virtual.<\/p>\n\n\n\n<p>La\nactividad comenz\u00f3 con una presentaci\u00f3n de la Subsecretaria de Turismo sobre el\ncontexto que vive la industria tur\u00edstica a nivel mundial, nacional y regional,\nquien hizo un llamado a los actores locales a trabajar en conjunto en esta hoja\nde ruta que permitir\u00e1 generar confianza a los turistas para volver a la regi\u00f3n\ncuando las condiciones sanitarias lo permitan. La autoridad valor\u00f3 la gran\nconvocatoria del encuentro y agradeci\u00f3 a cada uno de los asistentes por su\ncompromiso con el desarrollo del turismo en la regi\u00f3n. \u201cLa crisis ocasionada\npor el coronavirus s\u00f3lo ser\u00e1 posible de superar con trabajo colaborativo,\ncoordinaci\u00f3n y articulaci\u00f3n entre todos los actores que forman parte de esta\nindustria. Creo que, pese a lo complejo del momento que enfrentamos, Magallanes\ncuenta con el compromiso de las autoridades nacionales, regionales y\nmunicipales, con el empuje de los gremios, los empresarios y los emprendedores\nde la zona para construir una hoja de ruta que permita reactivar al sector\ncuando llegue el momento de viajar de manera segura\u201d.<\/p>\n\n\n\n<p>Por\nsu parte, la Seremi de Econom\u00eda, Fomento y Turismo, Natalia Easton, indic\u00f3: \u201cEl\nturismo es una industria de alt\u00edsimo impacto en la econom\u00eda local. Contribuye\nen un 10% al PIB regional y en torno a la misma cifra al empleo. En un escenario\ncomo el que vivimos, tener una instancia de articulaci\u00f3n p\u00fablico privada\nliderada por nuestras autoridades nacionales es muy valioso, ya que nos permite\nacercar las cifras, tendencias y proyecciones a los actores que en la pr\u00e1ctica\ndesarrollan la actividad, para delinear en forma conjunta la hoja de ruta que\nnos permitir\u00e1 avanzar en la recuperaci\u00f3n de la industria en la regi\u00f3n.&nbsp;Agradezco\na cada uno de los actores que participaron de este encuentro porque, hoy m\u00e1s\nque nunca, el trabajo articulado ser\u00e1 fundamental para enfrentar una pr\u00f3xima\nfase de reactivaci\u00f3n del turismo en Magallanes\u201d.<\/p>\n\n\n\n<p>Andrea\nWolleter, enfatiz\u00f3 que \u201clo importante es que este trabajo, iniciado en este\nencuentro virtual, continua a nivel regional para prepararse y enfrentar de\nmanera articulada las fases de reapertura y reactivaci\u00f3n posterior de esta\nindustria. Es relevante considerar en esta cocontrucci\u00f3n algunas tendencias que\nhemos presentado relacionadas al nuevo perfil del turista, a las nuevas\nsegmentaciones que hay que considerar en la planificaci\u00f3n tur\u00edstica y, sobre\ntodo, en propiciar seguridad sanitaria muy de la mano con la propia realidad\ndel destino y construir confianza con los visitantes\u201d.<\/p>\n\n\n\n<p>Por\nsu parte, la directora regional de Sernatur, Ximena Castro, indic\u00f3: \u201cCon esta\niniciativa buscamos avanzar en un trabajo intersectorial, convocando al mundo\np\u00fablico y privado para construir en conjunto la hoja de ruta que necesitamos en\nnuestra regi\u00f3n para establecer las estrategias locales que nos permitir\u00e1n\nreactivar la actividad en el momento oportuno\u201d.<\/p>\n\n\n\n<p>Desde\nel nivel central se hizo un fuerte llamado a concentrar esfuerzos en el turismo\nnacional durante una primera fase, es decir, proponer una oferta atractiva para\nturistas chilenos, especialmente al segmento de los llamados <em>Millennials<\/em>, que ser\u00e1n los primeros en\nllegar a la regi\u00f3n en la fase de reactivaci\u00f3n. Esto \u00faltimo es una oportunidad y\na la vez un desaf\u00edo para la regi\u00f3n, ya que siempre se ha enfocado en atraer m\u00e1s\nturistas internacionales que nacionales. Los temas m\u00e1s consultados por los\nactores privados durante la instancia tuvieron relaci\u00f3n con protocolos\nsanitarios y de operaci\u00f3n para la industria tur\u00edstica, junto con la\ndigitalizaci\u00f3n de la oferta y la conexi\u00f3n a\u00e9rea.<\/p>\n","protected":false},"excerpt":{"rendered":"<p>Se desarroll\u00f3 un importante encuentro p\u00fablico \u2013 privado, con el objetivo de trazar una hoja de ruta para enfrentar la dura crisis que afecta en la actualidad a la industria&#8230; <a class=\"read-more\" href=\"https:\/\/www.radiopresidenteibanez.cl\/web\/subsecretaria-y-directora-nacional-de-turismo-se-reunen-con-actores-clave-del-turismo-regional-para-trabajar-en-una-hoja-de-ruta-de-cara-a-la-recuperacion-y-reactivacion-de-la-industria\/\">Leer m\u00e1s<\/a><\/p>\n","protected":false},"author":2,"featured_media":2967,"comment_status":"closed","ping_status":"closed","sticky":false,"template":"","format":"standard","meta":{"footnotes":""},"categories":[1],"tags":[],"class_list":["post-11993","post","type-post","status-publish","format-standard","has-post-thumbnail","hentry","category-cronica"],"_links":{"self":[{"href":"https:\/\/www.radiopresidenteibanez.cl\/web\/wp-json\/wp\/v2\/posts\/11993","targetHints":{"allow":["GET"]}}],"collection":[{"href":"https:\/\/www.radiopresidenteibanez.cl\/web\/wp-json\/wp\/v2\/posts"}],"about":[{"href":"https:\/\/www.radiopresidenteibanez.cl\/web\/wp-json\/wp\/v2\/types\/post"}],"author":[{"embeddable":true,"href":"https:\/\/www.radiopresidenteibanez.cl\/web\/wp-json\/wp\/v2\/users\/2"}],"replies":[{"embeddable":true,"href":"https:\/\/www.radiopresidenteibanez.cl\/web\/wp-json\/wp\/v2\/comments?post=11993"}],"version-history":[{"count":0,"href":"https:\/\/www.radiopresidenteibanez.cl\/web\/wp-json\/wp\/v2\/posts\/11993\/revisions"}],"wp:featuredmedia":[{"embeddable":true,"href":"https:\/\/www.radiopresidenteibanez.cl\/web\/wp-json\/wp\/v2\/media\/2967"}],"wp:attachment":[{"href":"https:\/\/www.radiopresidenteibanez.cl\/web\/wp-json\/wp\/v2\/media?parent=11993"}],"wp:term":[{"taxonomy":"category","embeddable":true,"href":"https:\/\/www.radiopresidenteibanez.cl\/web\/wp-json\/wp\/v2\/categories?post=11993"},{"taxonomy":"post_tag","embeddable":true,"href":"https:\/\/www.radiopresidenteibanez.cl\/web\/wp-json\/wp\/v2\/tags?post=11993"}],"curies":[{"name":"wp","href":"https:\/\/api.w.org\/{rel}","templated":true}]}}