{"id":11990,"date":"2020-05-16T17:27:08","date_gmt":"2020-05-16T17:27:08","guid":{"rendered":"https:\/\/www.radiopresidenteibanez.cl\/web\/?p=11990"},"modified":"2020-05-16T17:27:12","modified_gmt":"2020-05-16T17:27:12","slug":"la-estacion-antartica-virtual-de-inach-comienza-transmisiones-para-apoyar-a-escolares-interesados-en-investigar-el-continente-blanco","status":"publish","type":"post","link":"https:\/\/www.radiopresidenteibanez.cl\/web\/la-estacion-antartica-virtual-de-inach-comienza-transmisiones-para-apoyar-a-escolares-interesados-en-investigar-el-continente-blanco\/","title":{"rendered":"LA \u201cESTACI\u00d3N ANT\u00c1RTICA VIRTUAL\u201d DE INACH COMIENZA TRANSMISIONES PARA APOYAR A ESCOLARES INTERESADOS EN INVESTIGAR EL CONTINENTE BLANCO"},"content":{"rendered":"\n<p>\u201cTodo lo que debes\nsaber para comenzar en Investigaci\u00f3n Cient\u00edfica Escolar Ant\u00e1rtica\u201d, ese es el\nnombre del taller en l\u00ednea que impartir\u00e1 el Instituto Ant\u00e1rtico Chileno\n(INACH), y que estar\u00e1 a cargo del subdirector nacional del INACH, el Dr.\nEdgardo Vega Artigues. La actividad se encuentra enmarcada en la difusi\u00f3n de la\nXVII Feria Ant\u00e1rtica Escolar (FAE), y est\u00e1 especialmente dirigida a estudiantes\nde educaci\u00f3n media y docentes o apoderados, que quieran ser parte de la FAE\n2020, y adem\u00e1s con un gui\u00f1o especial a docentes de la regi\u00f3n del Libertador\nBernardo O\u2019Higgins, convocados por el PAR Explora de la zona.<\/p>\n\n\n\n<p>El Programa Explora,\nperteneciente al Ministerio de Ciencia, Tecnolog\u00eda, Conocimiento e Innovaci\u00f3n,\nha seleccionado a la Ant\u00e1rtica como su tema del a\u00f1o para orientar actividades\nde educaci\u00f3n y divulgaci\u00f3n cient\u00edfica y tecnol\u00f3gica. De esta forma, el\nContinente Blanco se transformar\u00e1 en foco de inter\u00e9s en diferentes regiones del\npa\u00eds. La transmisi\u00f3n desde una \u201cEstaci\u00f3n Ant\u00e1rtica Virtual\u201d apunta a ese\nobjetivo y especialmente en el c\u00f3mo comenzar una investigaci\u00f3n cient\u00edfica de\nnivel escolar, y ser un apoyo para que los y las estudiantes puedan comenzar\nsus proyectos, y as\u00ed participar por un cupo en la pr\u00f3xima Expedici\u00f3n Ant\u00e1rtica\nEscolar.<\/p>\n\n\n\n<p>La modalidad de\ntalleres y charlas en l\u00ednea han proliferado en el mundo debido a la pandemia.\nEste a\u00f1o, el INACH ha querido mantener la FAE como una instancia necesaria para\nsocializar la ciencia y la tecnolog\u00eda en Ant\u00e1rtica, as\u00ed como el fortalecimiento\nde la identidad polar nacional y el aporte al desarrollo de inter\u00e9s por la\ninvestigaci\u00f3n por parte los m\u00e1s j\u00f3venes, o como INACH prefiere ver, la pr\u00f3xima\ngeneraci\u00f3n de investigadores ant\u00e1rticos nacionales.&nbsp;<\/p>\n\n\n\n<p>La versi\u00f3n 17 del\ntradicional concurso se ha adaptado a los nuevos tiempos. Paulina Rojas\nParedes, encargada de la Feria Ant\u00e1rtica Escolar 2020, se\u00f1ala que ya se est\u00e1n\nimplementando herramientas digitales, y tambi\u00e9n adaptando el uso de las redes\nsociales para abordar contenidos generales sobre la ciencia ant\u00e1rtica para\np\u00fablico j\u00f3venes de ense\u00f1anza media.<\/p>\n\n\n\n<p>\u201cEn cada sesi\u00f3n,\nestudiantes y docentes o apoderados conectados, podr\u00e1n conocer aspectos b\u00e1sicos\ndel continente blanco a trav\u00e9s de la exposici\u00f3n de verdaderos investigadores\nant\u00e1rticos de diferentes disciplinas, as\u00ed como de profesionales de otras \u00e1reas.\nSabemos que la Ant\u00e1rtica siempre genera muchas preguntas e inquietudes, as\u00ed que\nnos adaptamos a los nuevos tiempos para brindar un acompa\u00f1amiento virtual y\ndin\u00e1mico, donde los estudiantes puedan escuchar, hacer preguntas y acceder a un\nsistema de acompa\u00f1amiento donde se proveer\u00e1 ayuda metodol\u00f3gica para el\ndesarrollo de una investigaci\u00f3n\u201d, apunta Rojas.<\/p>\n\n\n\n<p>\u201cComenzar una\ninvestigaci\u00f3n en un tema espec\u00edfico y apasionante como lo es Ant\u00e1rtica, implica\nno s\u00f3lo el inter\u00e9s, sino que las motivaciones para hacerlo. Como investigadores\ndebemos focalizarnos en algunas preguntas y temas sobre el Continente Blanco.\nLa gran ventaja que tiene este desconocido territorio como lo es la Ant\u00e1rtica,\nes que es enorme y tenemos muchas interrogantes que a todos y a todas les\ngustar\u00eda responder\u201d, afirma el Dr. Vega.<\/p>\n\n\n\n<p>La primera\ntransmisi\u00f3n desde la \u201cEstaci\u00f3n Ant\u00e1rtica Virtual\u201d ser\u00e1 del Dr. Edgardo Vega, y\nest\u00e1 programada para el martes 19 de mayo de 2020 a las 16:00 horas de Chile\nContinental, 17:00 horas de la regi\u00f3n de Magallanes y Ant\u00e1rtica Chilena, v\u00eda <strong>Facebook\nLive<\/strong> (inach.gob\/),&nbsp; <strong>Instagram<\/strong> (Inach_gob) y <strong>Youtube<\/strong>\n(Instituto Ant\u00e1rtico Chileno).<\/p>\n","protected":false},"excerpt":{"rendered":"<p>\u201cTodo lo que debes saber para comenzar en Investigaci\u00f3n Cient\u00edfica Escolar Ant\u00e1rtica\u201d, ese es el nombre del taller en l\u00ednea que impartir\u00e1 el Instituto Ant\u00e1rtico Chileno (INACH), y que estar\u00e1&#8230; <a class=\"read-more\" href=\"https:\/\/www.radiopresidenteibanez.cl\/web\/la-estacion-antartica-virtual-de-inach-comienza-transmisiones-para-apoyar-a-escolares-interesados-en-investigar-el-continente-blanco\/\">Leer m\u00e1s<\/a><\/p>\n","protected":false},"author":2,"featured_media":11991,"comment_status":"closed","ping_status":"closed","sticky":false,"template":"","format":"standard","meta":{"footnotes":""},"categories":[1],"tags":[],"class_list":["post-11990","post","type-post","status-publish","format-standard","has-post-thumbnail","hentry","category-cronica"],"_links":{"self":[{"href":"https:\/\/www.radiopresidenteibanez.cl\/web\/wp-json\/wp\/v2\/posts\/11990","targetHints":{"allow":["GET"]}}],"collection":[{"href":"https:\/\/www.radiopresidenteibanez.cl\/web\/wp-json\/wp\/v2\/posts"}],"about":[{"href":"https:\/\/www.radiopresidenteibanez.cl\/web\/wp-json\/wp\/v2\/types\/post"}],"author":[{"embeddable":true,"href":"https:\/\/www.radiopresidenteibanez.cl\/web\/wp-json\/wp\/v2\/users\/2"}],"replies":[{"embeddable":true,"href":"https:\/\/www.radiopresidenteibanez.cl\/web\/wp-json\/wp\/v2\/comments?post=11990"}],"version-history":[{"count":0,"href":"https:\/\/www.radiopresidenteibanez.cl\/web\/wp-json\/wp\/v2\/posts\/11990\/revisions"}],"wp:featuredmedia":[{"embeddable":true,"href":"https:\/\/www.radiopresidenteibanez.cl\/web\/wp-json\/wp\/v2\/media\/11991"}],"wp:attachment":[{"href":"https:\/\/www.radiopresidenteibanez.cl\/web\/wp-json\/wp\/v2\/media?parent=11990"}],"wp:term":[{"taxonomy":"category","embeddable":true,"href":"https:\/\/www.radiopresidenteibanez.cl\/web\/wp-json\/wp\/v2\/categories?post=11990"},{"taxonomy":"post_tag","embeddable":true,"href":"https:\/\/www.radiopresidenteibanez.cl\/web\/wp-json\/wp\/v2\/tags?post=11990"}],"curies":[{"name":"wp","href":"https:\/\/api.w.org\/{rel}","templated":true}]}}