{"id":11988,"date":"2020-05-16T17:17:12","date_gmt":"2020-05-16T17:17:12","guid":{"rendered":"https:\/\/www.radiopresidenteibanez.cl\/web\/?p=11988"},"modified":"2020-05-16T17:17:16","modified_gmt":"2020-05-16T17:17:16","slug":"prochile-evaluo-situacion-de-exportaciones-con-pymex-de-magallanes","status":"publish","type":"post","link":"https:\/\/www.radiopresidenteibanez.cl\/web\/prochile-evaluo-situacion-de-exportaciones-con-pymex-de-magallanes\/","title":{"rendered":"PROCHILE EVALU\u00d3 SITUACI\u00d3N DE EXPORTACIONES CON PYMEX DE MAGALLANES"},"content":{"rendered":"\n<p>Una veintena de peque\u00f1as y medianas empresas exportadoras\n(Pymex) de productos del mar como salm\u00f3n, erizo y centolla, adem\u00e1s de carne de\novino, industria naviera y servicios tecnol\u00f3gicos, y organizaciones gremiales\nempresariales de la Regi\u00f3n de Magallanes participaron en el Consejo Regional\nExportador organizado por ProChile, en una reuni\u00f3n realizada mediante\nvideoconferencia.<\/p>\n\n\n\n<p>En el encuentro el Director Regional de ProChile en\nMagallanes, Claudio Villarroel, indic\u00f3 que el contexto en que se realiza ese\nconsejo era \u201cextraordinariamente complejo para las peque\u00f1as y medianas empresas\ny estamos conscientes de las dificultades que est\u00e1n atravesando debido a la\npandemia de Covid-19 y al cierre de numerosos mercados para los productos\nlocales\u201d.<\/p>\n\n\n\n<p>\u201cEn ProChile hemos estado monitoreando la crisis y\nconversando con las empresas, para ofrecerles el apoyo que podamos entregarles.\nEn esta etapa, los esfuerzos est\u00e1n en capacitaci\u00f3n para que puedan operar a\ntrav\u00e9s del comercio electr\u00f3nico, adem\u00e1s de organizar diversas ruedas de\nnegocios internacionales virtuales y encuentros con importadores extranjeros,\npara lo cual contamos con el apoyo de nuestras 56 Oficinas Comerciales en el\nexterior\u201d, a\u00f1adi\u00f3 Felipe Neumann, Subdirector Regional de ProChile.<\/p>\n\n\n\n<p>En la actividad particip\u00f3 la empresaria Teresa Celed\u00f3n,\npresidenta de Amemag, quien indic\u00f3 que el Encuentro de Mujeres Empresarias del\nFin del Mundo, que consideraba tambi\u00e9n una rueda de negocios y cuya nueva\nversi\u00f3n se iba a desarrollar en octubre pr\u00f3ximo, se encuentra en evaluaci\u00f3n,\npor lo que probablemente se desarrolle en forma no presencial, tambi\u00e9n a trav\u00e9s\nde internet.<\/p>\n\n\n\n<p>Los exportadores de salm\u00f3n, centolla y carne de ovino\ncoincidieron en que la demanda ha bajado en forma importante, considerando que\nse trata de alimentos cuyo consumo se concentra en el mercado Horeca (hoteles,\nrestaurantes y catering), sin embargo, hab\u00edan tenido algunas se\u00f1ales positivas\nde un inicio de recuperaci\u00f3n del mercado de China. Estas empresas est\u00e1n\nacumulando stock en espera de una reactivaci\u00f3n de la demanda, especialmente\ndesde Jap\u00f3n, la Uni\u00f3n Europea y Estados Unidos.<\/p>\n\n\n\n<p>M\u00e1s optimistas se mostraron los empresarios del \u00e1rea\ndigital, en que Robinson Lienlaf, explic\u00f3 que hab\u00edan visto un aumento de\ndemanda por seguridad industrial, especialmente de software que permita\nmonitorear condiciones sanitarias, incluyendo temperatura corporal y uso de\nelementos de seguridad, como mascarillas. <\/p>\n\n\n\n<p>Cifras del primer trimestre<\/p>\n\n\n\n<p>En relaci\u00f3n con los resultados de las exportaciones\nregionales del primer trimestre, el Director Regional de ProChile explic\u00f3 que\nlas cifras de este per\u00edodo \u201ca\u00fan no muestran los efectos de la crisis sanitaria:\nlos env\u00edos totales de la regi\u00f3n alcanzaron a US$ 195 millones, representando un\n10% de crecimiento, respecto a igual per\u00edodo de 2019, y las exportaciones de\nbienes crecieron en 11%\u201d.<\/p>\n\n\n\n<p>\u201cLas exportaciones del Sector Pesca y Acuicultura fueron de\nUS$ 92,86 millones, representando una variaci\u00f3n positiva del 33%. Los\nprincipales bienes exportados son: productos qu\u00edmicos org\u00e1nicos, salm\u00f3n y\ntrucha y centollas\u201d, a\u00f1adi\u00f3.<\/p>\n\n\n\n<p>\u201cRespecto a los primeros tres mercados de destino de las\nexportaciones de la regi\u00f3n, estos son Brasil, China y EE. UU. Adem\u00e1s, los\nenv\u00edos de las Pymes exportadoras fueron de US$ 5,7 millones, representando un\ncrecimiento del 17% en relaci\u00f3n con el primer trimestre del a\u00f1o 2019\u201d, concluy\u00f3\nVillarroel.<\/p>\n","protected":false},"excerpt":{"rendered":"<p>Una veintena de peque\u00f1as y medianas empresas exportadoras (Pymex) de productos del mar como salm\u00f3n, erizo y centolla, adem\u00e1s de carne de ovino, industria naviera y servicios tecnol\u00f3gicos, y organizaciones&#8230; <a class=\"read-more\" href=\"https:\/\/www.radiopresidenteibanez.cl\/web\/prochile-evaluo-situacion-de-exportaciones-con-pymex-de-magallanes\/\">Leer m\u00e1s<\/a><\/p>\n","protected":false},"author":2,"featured_media":740,"comment_status":"closed","ping_status":"closed","sticky":false,"template":"","format":"standard","meta":{"footnotes":""},"categories":[1],"tags":[],"class_list":["post-11988","post","type-post","status-publish","format-standard","has-post-thumbnail","hentry","category-cronica"],"_links":{"self":[{"href":"https:\/\/www.radiopresidenteibanez.cl\/web\/wp-json\/wp\/v2\/posts\/11988","targetHints":{"allow":["GET"]}}],"collection":[{"href":"https:\/\/www.radiopresidenteibanez.cl\/web\/wp-json\/wp\/v2\/posts"}],"about":[{"href":"https:\/\/www.radiopresidenteibanez.cl\/web\/wp-json\/wp\/v2\/types\/post"}],"author":[{"embeddable":true,"href":"https:\/\/www.radiopresidenteibanez.cl\/web\/wp-json\/wp\/v2\/users\/2"}],"replies":[{"embeddable":true,"href":"https:\/\/www.radiopresidenteibanez.cl\/web\/wp-json\/wp\/v2\/comments?post=11988"}],"version-history":[{"count":0,"href":"https:\/\/www.radiopresidenteibanez.cl\/web\/wp-json\/wp\/v2\/posts\/11988\/revisions"}],"wp:featuredmedia":[{"embeddable":true,"href":"https:\/\/www.radiopresidenteibanez.cl\/web\/wp-json\/wp\/v2\/media\/740"}],"wp:attachment":[{"href":"https:\/\/www.radiopresidenteibanez.cl\/web\/wp-json\/wp\/v2\/media?parent=11988"}],"wp:term":[{"taxonomy":"category","embeddable":true,"href":"https:\/\/www.radiopresidenteibanez.cl\/web\/wp-json\/wp\/v2\/categories?post=11988"},{"taxonomy":"post_tag","embeddable":true,"href":"https:\/\/www.radiopresidenteibanez.cl\/web\/wp-json\/wp\/v2\/tags?post=11988"}],"curies":[{"name":"wp","href":"https:\/\/api.w.org\/{rel}","templated":true}]}}