{"id":11986,"date":"2020-05-16T17:10:54","date_gmt":"2020-05-16T17:10:54","guid":{"rendered":"https:\/\/www.radiopresidenteibanez.cl\/web\/?p=11986"},"modified":"2020-05-16T17:10:59","modified_gmt":"2020-05-16T17:10:59","slug":"injurias-y-calumnias-hacia-funcionarios-de-la-municipalidad-de-natales-no-son-aceptables-y-seran-denunciadas","status":"publish","type":"post","link":"https:\/\/www.radiopresidenteibanez.cl\/web\/injurias-y-calumnias-hacia-funcionarios-de-la-municipalidad-de-natales-no-son-aceptables-y-seran-denunciadas\/","title":{"rendered":"\u201cINJURIAS Y CALUMNIAS HACIA FUNCIONARIOS DE LA MUNICIPALIDAD DE NATALES NO SON ACEPTABLES Y SER\u00c1N DENUNCIADAS\u201d"},"content":{"rendered":"\n<p>Tras la\npublicaci\u00f3n y difusi\u00f3n en un sitio web, sobre presuntas acusaciones de actos\ncorruptos y falta de probidad de funcionarios municipales, el edil de Natales\ninstruy\u00f3 al equipo jur\u00eddico municipal a que presentara una denuncia por\ninjurias y calumnias ante la fiscal\u00eda de Natales para iniciar una investigaci\u00f3n\ny esclarecer responsabilidades.<\/p>\n\n\n\n<p>La publicaci\u00f3n\nacusa a los funcionarios municipales que participaron en la comisi\u00f3n evaluadora\nde la licitaci\u00f3n de nuevas luminarias para Puerto Natales, quienes en un\ninforme fundado propusieron la adjudicaci\u00f3n de la obra a la empresa Itelecom en\nbase a los criterios t\u00e9cnicos, jur\u00eddicos y administrativos previamente establecidos\nen las bases, lo que dio igualdad a todas las empresas participantes.<\/p>\n\n\n\n<p>Al ser\nconsultado por la prensa local, la m\u00e1xima autoridad comunal se\u00f1al\u00f3 que algunos\ntrascendidos de un medio digital confunden a la comunidad e incitan a malos\ncomentarios en las redes sociales. \u201cUna vez cumplidos todos los procesos de\nrevisi\u00f3n el municipio procedi\u00f3 a licitar, y desde ese punto de vista como una\nse\u00f1al de transparencia, lo que hicimos fue colocar los antecedentes a\ndisposici\u00f3n de la Contralor\u00eda Regional de Magallanes, para que ante un hecho\ninusual como este solicitamos la opini\u00f3n al organismo contralor para ver que\nprocede en estos casos\u201d. Adem\u00e1s, el edil sostuvo que la libertad de expresi\u00f3n\nsiempre es bien recibida, pero en este caso en particular llama la atenci\u00f3n la\naseveraci\u00f3n de hechos sin sustento que acrediten lo informado, y se\u00f1al\u00f3 que lo\nque busca esta denuncia es que dicho medio digital se haga cargo y responda\nante la justicia, puesto que no existe ning\u00fan antecedente objetivo que permita\ndudar de la idoneidad y profesionalismo de los funcionarios de la Municipalidad\nde Natales, que en todo caso no ha sido objeto de investigaci\u00f3n alguna, dijo\nParedes.<\/p>\n\n\n\n<p>Asimismo, el\nedil sostuvo que \u201ces un proceso que no tiene ninguna observaci\u00f3n hasta aqu\u00ed, es\nun proceso normal que est\u00e1 cumpliendo con todos los aspectos t\u00e9cnicos,\nadministrativos y jur\u00eddicos que tienen que darse en cualquier licitaci\u00f3n\u201d, manifest\u00f3\nque \u201che visto con un poco de preocupaci\u00f3n el hecho de que se est\u00e9n generando a\ntrav\u00e9s de sitios web, culpabilidades o instalando un signo de interrogaci\u00f3n con\nrespecto a los funcionarios que participaron del proceso de evaluaci\u00f3n de esta\nlicitaci\u00f3n\u201d, y agreg\u00f3 que, \u201clo que no puedo aceptar es que livianamente se est\u00e9\ngenerando un manto de dudas con respecto al desempe\u00f1o de funcionarios\u201d.<\/p>\n\n\n\n<p>Lo m\u00e1s\nimportante, seg\u00fan manifest\u00f3 el jefe comunal, es que este proyecto mejorar\u00e1 la\niluminaci\u00f3n en diferentes puntos de la ciudad y sectores rurales, cambiando las\nluminarias de Sodio por tecnolog\u00eda LED lo que desde el punto de vista\nmedioambiental es lo&nbsp; m\u00e1s recomendable, y\nque adem\u00e1s generar\u00e1 una econom\u00eda al municipio por 60 millones anuales en el\npago del consumo de luz.<\/p>\n\n\n\n<p>La empresa que\nse adjudic\u00f3 el proyecto est\u00e1 siendo investigada por licitaciones con la\nMunicipalidad de Iquique y Chill\u00e1n. Cabe destacar que la Municipalidad de\nNatales no tiene ninguna investigaci\u00f3n en curso por esta licitaci\u00f3n. Adem\u00e1s, en\nuna licitaci\u00f3n de este tipo se eval\u00faan diferentes puntos para adjudicar el\nproyecto a una empresa, evaluando el valor de la oferta, experiencia, aspectos\nt\u00e9cnicos y el cumplimento de normativas en el mercado p\u00fablico. <\/p>\n","protected":false},"excerpt":{"rendered":"<p>Tras la publicaci\u00f3n y difusi\u00f3n en un sitio web, sobre presuntas acusaciones de actos corruptos y falta de probidad de funcionarios municipales, el edil de Natales instruy\u00f3 al equipo jur\u00eddico&#8230; <a class=\"read-more\" href=\"https:\/\/www.radiopresidenteibanez.cl\/web\/injurias-y-calumnias-hacia-funcionarios-de-la-municipalidad-de-natales-no-son-aceptables-y-seran-denunciadas\/\">Leer m\u00e1s<\/a><\/p>\n","protected":false},"author":2,"featured_media":101,"comment_status":"closed","ping_status":"closed","sticky":false,"template":"","format":"standard","meta":{"footnotes":""},"categories":[1],"tags":[],"class_list":["post-11986","post","type-post","status-publish","format-standard","has-post-thumbnail","hentry","category-cronica"],"_links":{"self":[{"href":"https:\/\/www.radiopresidenteibanez.cl\/web\/wp-json\/wp\/v2\/posts\/11986","targetHints":{"allow":["GET"]}}],"collection":[{"href":"https:\/\/www.radiopresidenteibanez.cl\/web\/wp-json\/wp\/v2\/posts"}],"about":[{"href":"https:\/\/www.radiopresidenteibanez.cl\/web\/wp-json\/wp\/v2\/types\/post"}],"author":[{"embeddable":true,"href":"https:\/\/www.radiopresidenteibanez.cl\/web\/wp-json\/wp\/v2\/users\/2"}],"replies":[{"embeddable":true,"href":"https:\/\/www.radiopresidenteibanez.cl\/web\/wp-json\/wp\/v2\/comments?post=11986"}],"version-history":[{"count":0,"href":"https:\/\/www.radiopresidenteibanez.cl\/web\/wp-json\/wp\/v2\/posts\/11986\/revisions"}],"wp:featuredmedia":[{"embeddable":true,"href":"https:\/\/www.radiopresidenteibanez.cl\/web\/wp-json\/wp\/v2\/media\/101"}],"wp:attachment":[{"href":"https:\/\/www.radiopresidenteibanez.cl\/web\/wp-json\/wp\/v2\/media?parent=11986"}],"wp:term":[{"taxonomy":"category","embeddable":true,"href":"https:\/\/www.radiopresidenteibanez.cl\/web\/wp-json\/wp\/v2\/categories?post=11986"},{"taxonomy":"post_tag","embeddable":true,"href":"https:\/\/www.radiopresidenteibanez.cl\/web\/wp-json\/wp\/v2\/tags?post=11986"}],"curies":[{"name":"wp","href":"https:\/\/api.w.org\/{rel}","templated":true}]}}