{"id":11981,"date":"2020-05-16T17:06:46","date_gmt":"2020-05-16T17:06:46","guid":{"rendered":"https:\/\/www.radiopresidenteibanez.cl\/web\/?p=11981"},"modified":"2020-05-16T17:06:51","modified_gmt":"2020-05-16T17:06:51","slug":"todo-preparado-para-la-apertura-de-la-farmacia-comunal-de-natales","status":"publish","type":"post","link":"https:\/\/www.radiopresidenteibanez.cl\/web\/todo-preparado-para-la-apertura-de-la-farmacia-comunal-de-natales\/","title":{"rendered":"TODO PREPARADO PARA LA APERTURA DE LA FARMACIA COMUNAL DE NATALES"},"content":{"rendered":"\n<p>El Concejo\nMunicipal junto al alcalde de la comuna, Fernando Paredes Mansilla,\nparticiparon de una visita a las instalaciones de la nueva farmacia comunal de\nNatales para conocer su funcionamiento y sus colaboradores.<\/p>\n\n\n\n<p>La medida fue\nsolicitada por los vecinos en los di\u00e1logos ciudadanos y beneficiar\u00e1 a m\u00e1s de 20\nmil habitantes, quienes se podr\u00e1n inscribir en Esmeralda 630.<\/p>\n\n\n\n<p>La m\u00e1xima autoridad\ncomunal, destac\u00f3 que esta es una de las medidas m\u00e1s importantes que est\u00e1\nasumiendo el Concejo y la Municipalidad durante esta emergencia. \u201cEstamos\nrecorriendo las instalaciones y estamos conociendo al personal que va a\ntrabajar ac\u00e1. (&#8230;) La invitaci\u00f3n que me gustar\u00eda hacer a la comunidad es que\nse acerque a esta farmacia indicando cuales son los medicamentos que ellos van\na necesitar\u201d.<\/p>\n\n\n\n<p>El edil\naprovech\u00f3 la instancia para se\u00f1alar que con esto se est\u00e1 cumpliendo un\ncompromiso adquirido en Natales Participa, \u201cuna de las cosas que m\u00e1s se\nreiteraron, fue la necesidad de sentirse tomados en cuenta por la poblaci\u00f3n,\npara instalar una farmacia comunal que tenga precios accesibles para la gente\nque m\u00e1s lo necesita\u201d.<\/p>\n\n\n\n<p>Una de las\npersonas encargadas de administrar la farmacia comunal, es el Qu\u00edmico\nFarmac\u00e9utico, Nicol\u00e1s Buchner, quien sostuvo, \u201cvamos a tener todo tipo de\nmedicamentos, antiinflamatorios, antibi\u00f3ticos, medicamentos para pacientes\ncr\u00f3nicos, con diabetes, hipertensi\u00f3n, dislipidemias y van a estar m\u00e1s baratos\nque las farmacias de cadena\u201d. <\/p>\n\n\n\n<p>Los concejales\ncoincidieron que esta iniciativa fue compartida por todos en apoyo a la\ncomunidad, destacando el compromiso y gesti\u00f3n como Concejo Municipal. <\/p>\n\n\n\n<p>Inicialmente\nla farmacia comunal comenzar\u00e1 con un stock superior a los 200 medicamentos e\nincrementar\u00e1 su variedad dada la demanda ciudadana. El horario de atenci\u00f3n ser\u00e1\nde 8:00 a 13 hrs y de 14 a 17:00 hrs de lunes a viernes. <\/p>\n","protected":false},"excerpt":{"rendered":"<p>El Concejo Municipal junto al alcalde de la comuna, Fernando Paredes Mansilla, participaron de una visita a las instalaciones de la nueva farmacia comunal de Natales para conocer su funcionamiento&#8230; <a class=\"read-more\" href=\"https:\/\/www.radiopresidenteibanez.cl\/web\/todo-preparado-para-la-apertura-de-la-farmacia-comunal-de-natales\/\">Leer m\u00e1s<\/a><\/p>\n","protected":false},"author":2,"featured_media":11982,"comment_status":"closed","ping_status":"closed","sticky":false,"template":"","format":"standard","meta":{"footnotes":""},"categories":[1],"tags":[],"class_list":["post-11981","post","type-post","status-publish","format-standard","has-post-thumbnail","hentry","category-cronica"],"_links":{"self":[{"href":"https:\/\/www.radiopresidenteibanez.cl\/web\/wp-json\/wp\/v2\/posts\/11981","targetHints":{"allow":["GET"]}}],"collection":[{"href":"https:\/\/www.radiopresidenteibanez.cl\/web\/wp-json\/wp\/v2\/posts"}],"about":[{"href":"https:\/\/www.radiopresidenteibanez.cl\/web\/wp-json\/wp\/v2\/types\/post"}],"author":[{"embeddable":true,"href":"https:\/\/www.radiopresidenteibanez.cl\/web\/wp-json\/wp\/v2\/users\/2"}],"replies":[{"embeddable":true,"href":"https:\/\/www.radiopresidenteibanez.cl\/web\/wp-json\/wp\/v2\/comments?post=11981"}],"version-history":[{"count":0,"href":"https:\/\/www.radiopresidenteibanez.cl\/web\/wp-json\/wp\/v2\/posts\/11981\/revisions"}],"wp:featuredmedia":[{"embeddable":true,"href":"https:\/\/www.radiopresidenteibanez.cl\/web\/wp-json\/wp\/v2\/media\/11982"}],"wp:attachment":[{"href":"https:\/\/www.radiopresidenteibanez.cl\/web\/wp-json\/wp\/v2\/media?parent=11981"}],"wp:term":[{"taxonomy":"category","embeddable":true,"href":"https:\/\/www.radiopresidenteibanez.cl\/web\/wp-json\/wp\/v2\/categories?post=11981"},{"taxonomy":"post_tag","embeddable":true,"href":"https:\/\/www.radiopresidenteibanez.cl\/web\/wp-json\/wp\/v2\/tags?post=11981"}],"curies":[{"name":"wp","href":"https:\/\/api.w.org\/{rel}","templated":true}]}}