{"id":11979,"date":"2020-05-16T17:04:38","date_gmt":"2020-05-16T17:04:38","guid":{"rendered":"https:\/\/www.radiopresidenteibanez.cl\/web\/?p=11979"},"modified":"2020-05-16T17:04:43","modified_gmt":"2020-05-16T17:04:43","slug":"seremi-del-trabajo-informa-nuevos-datos-sobre-uso-de-ley-de-proteccion-del-empleo","status":"publish","type":"post","link":"https:\/\/www.radiopresidenteibanez.cl\/web\/seremi-del-trabajo-informa-nuevos-datos-sobre-uso-de-ley-de-proteccion-del-empleo\/","title":{"rendered":"SEREMI DEL TRABAJO INFORMA NUEVOS DATOS SOBRE USO DE LEY DE PROTECCI\u00d3N DEL EMPLEO"},"content":{"rendered":"\n<p>La Seremi del\nTrabajo y Previsi\u00f3n Social, Victoria Cort\u00e9s Schiattino, dio a conocer durante\nesta jornada un nuevo balance de las cifras de empleo asociadas al n\u00famero de\ncartas de despido registradas durante el mes de abril ante la Direcci\u00f3n de\nTrabajo y una actualizaci\u00f3n sobre los trabajadores que en los primeros d\u00edas de\nmayo han suscrito pactos de suspensi\u00f3n de contrato y reducci\u00f3n de jornada\nlaboral.<\/p>\n\n\n\n<p>Seg\u00fan detall\u00f3,\nen lo que respecta a las cartas de despido, durante el mes de abril sumaron un\ntotal de 2.781, cifra que representa un aumento de un 33,6% en relaci\u00f3n con el\nmismo mes de 2019, cuando se registraron 2.082, lo que ratifica una tendencia\nal alza que se viene experimentando desde octubre pasado. Pese a ello, se\nmuestra 1.578 cartas menos que las registradas en marzo de este a\u00f1o en la zona.<\/p>\n\n\n\n<p>En palabras de\nla secretaria regional, \u201cen relaci\u00f3n a las cifras de despidos, si bien es\ncierto en el mes de marzo, Magallanes se dispar\u00f3 en comparaci\u00f3n al mismo mes de\n2019 con un crecimiento de un 76,5%, eso baj\u00f3 bastante en el mes de abril, con\n2.700 cartas de despido aproximadamente, lo que signific\u00f3 un aumento de un\n33,6% en relaci\u00f3n con el igual per\u00edodo del a\u00f1o pasado\u201d.<\/p>\n\n\n\n<p>Al respecto, la\nautoridad laboral declar\u00f3 que \u201ccomo gobierno del Presidente Sebasti\u00e1n Pi\u00f1era,\nestamos convencidos que la ley de protecci\u00f3n del empleo es una excelente\nherramienta que ha permitido hoy d\u00eda, por ejemplo, en nuestra regi\u00f3n, que m\u00e1s\nde 6.400 trabajadores puedan conservar sus puestos de trabajo y, en ese\nsentido, es importante se\u00f1alar que como cartera estamos haciendo una exhaustiva\nfiscalizaci\u00f3n para velar por el cumplimiento y el buen uso de esta ley.<\/p>\n\n\n\n<p>En relaci\u00f3n a\nla utilizaci\u00f3n de esta normativa Cort\u00e9s inform\u00f3 que \u201ctal como se\u00f1al\u00f3 la\nministra del Trabajo, Mar\u00eda Jos\u00e9 Zald\u00edvar, en Chile son m\u00e1s de 459 mil los\ntrabajadores que se han acogido a la ley de protecci\u00f3n al empleo. Respecto a la\nrealidad que vivimos en Magallanes, debemos distinguir, por un lado, lo que es\nla suspensi\u00f3n de la relaci\u00f3n laboral, que registra m\u00e1s de 6.400 solicitudes\naprobadas en este tenor y, por otro, lo que refiere a la reducci\u00f3n de la\njornada de trabajo que se tramita ante la Direcci\u00f3n del trabajo, donde se ha\naprobado la suscripci\u00f3n de pactos de reducci\u00f3n de 460 trabajadores magall\u00e1nicos\na la fecha\u201d. <\/p>\n\n\n\n<p>De acuerdo a los datos\nentregados por el Ministerio del Trabajo en funci\u00f3n de las solicitudes hechas\nante la AFC hasta el 8 de mayo pasado, a nivel nacional, un total de 80.498\nempresas han suscrito pactos de suspensi\u00f3n de contrato, lo que representa a un total\nde 459.155 trabajadores. En tanto, un total de 3.104 empresas se han acogido a\nla reducci\u00f3n de jornada, lo que significa un total de 17.508 trabajadores que\ncontin\u00faan operando con recorte de sus horas laborales, de acuerdo al registro\nde la Direcci\u00f3n del Trabajo.<\/p>\n","protected":false},"excerpt":{"rendered":"<p>La Seremi del Trabajo y Previsi\u00f3n Social, Victoria Cort\u00e9s Schiattino, dio a conocer durante esta jornada un nuevo balance de las cifras de empleo asociadas al n\u00famero de cartas de&#8230; <a class=\"read-more\" href=\"https:\/\/www.radiopresidenteibanez.cl\/web\/seremi-del-trabajo-informa-nuevos-datos-sobre-uso-de-ley-de-proteccion-del-empleo\/\">Leer m\u00e1s<\/a><\/p>\n","protected":false},"author":2,"featured_media":10712,"comment_status":"closed","ping_status":"closed","sticky":false,"template":"","format":"standard","meta":{"footnotes":""},"categories":[1],"tags":[],"class_list":["post-11979","post","type-post","status-publish","format-standard","has-post-thumbnail","hentry","category-cronica"],"_links":{"self":[{"href":"https:\/\/www.radiopresidenteibanez.cl\/web\/wp-json\/wp\/v2\/posts\/11979","targetHints":{"allow":["GET"]}}],"collection":[{"href":"https:\/\/www.radiopresidenteibanez.cl\/web\/wp-json\/wp\/v2\/posts"}],"about":[{"href":"https:\/\/www.radiopresidenteibanez.cl\/web\/wp-json\/wp\/v2\/types\/post"}],"author":[{"embeddable":true,"href":"https:\/\/www.radiopresidenteibanez.cl\/web\/wp-json\/wp\/v2\/users\/2"}],"replies":[{"embeddable":true,"href":"https:\/\/www.radiopresidenteibanez.cl\/web\/wp-json\/wp\/v2\/comments?post=11979"}],"version-history":[{"count":0,"href":"https:\/\/www.radiopresidenteibanez.cl\/web\/wp-json\/wp\/v2\/posts\/11979\/revisions"}],"wp:featuredmedia":[{"embeddable":true,"href":"https:\/\/www.radiopresidenteibanez.cl\/web\/wp-json\/wp\/v2\/media\/10712"}],"wp:attachment":[{"href":"https:\/\/www.radiopresidenteibanez.cl\/web\/wp-json\/wp\/v2\/media?parent=11979"}],"wp:term":[{"taxonomy":"category","embeddable":true,"href":"https:\/\/www.radiopresidenteibanez.cl\/web\/wp-json\/wp\/v2\/categories?post=11979"},{"taxonomy":"post_tag","embeddable":true,"href":"https:\/\/www.radiopresidenteibanez.cl\/web\/wp-json\/wp\/v2\/tags?post=11979"}],"curies":[{"name":"wp","href":"https:\/\/api.w.org\/{rel}","templated":true}]}}