{"id":11975,"date":"2020-05-16T17:03:08","date_gmt":"2020-05-16T17:03:08","guid":{"rendered":"https:\/\/www.radiopresidenteibanez.cl\/web\/?p=11975"},"modified":"2020-05-16T17:03:12","modified_gmt":"2020-05-16T17:03:12","slug":"mas-de-12-mil-hogares-de-magallanes-recibiran-el-ingreso-familiar-de-emergencia","status":"publish","type":"post","link":"https:\/\/www.radiopresidenteibanez.cl\/web\/mas-de-12-mil-hogares-de-magallanes-recibiran-el-ingreso-familiar-de-emergencia\/","title":{"rendered":"M\u00c1S DE 12 MIL HOGARES DE MAGALLANES RECIBIR\u00c1N EL INGRESO FAMILIAR DE EMERGENCIA"},"content":{"rendered":"\n<p>Este beneficio consiste\nen tres pagos mensuales consecutivos, los cuales van decreciendo en su monto, y\nse entrega de acuerdo al n\u00famero de integrantes del grupo familiar. Tambi\u00e9n, lo reciben\nadultos mayores que viven solos y cumplen con los requisitos.<\/p>\n\n\n\n<p>La seremi de Desarrollo\nSocial y Familia, Liz Casanueva, destac\u00f3 las principales fortalezas de este\nbeneficio. \u201cEsta es una iniciativa in\u00e9dita en nuestro pa\u00eds, ya que nunca el\nEstado hab\u00eda realizado una transferencia directa a las personas considerando\nuna cobertura tan amplia, llegando al 60% de la poblaci\u00f3n, cumpliendo de esta\nmanera con el encargo del Presidente Sebasti\u00e1n Pi\u00f1era de llegar no s\u00f3lo a las\nfamilias vulnerables, sino que tambi\u00e9n a las de clase media vulnerable. Es importante\ndestacar que el foco de este beneficio estar\u00e1 en los trabajadores informales,\nes decir, aquellos que viven del ingreso que logran recaudar d\u00eda a d\u00eda y que\nsin duda ser\u00e1n uno de los sectores m\u00e1s afectados en la pandemia. Creo que es\nimportante destacar que, tanto por su cobertura como por su extensi\u00f3n de tres\nmeses, el ingreso familiar de emergencia constituye una las pol\u00edticas p\u00fablicas\nm\u00e1s importante de los \u00faltimos tiempos en nuestro pa\u00eds\u201d.<\/p>\n\n\n\n<p>El\nmonto para los hogares que pertenecen al 60% m\u00e1s vulnerable y sin ingresos\nformales, ser\u00e1 de $65.000 por integrante durante el primer mes. El segundo mes\nser\u00e1 $55.250 y el tercer mes $45.500. Para los hogares que tienen adultos\nmayores de 70 a\u00f1os o m\u00e1s y que reciben Pensi\u00f3n B\u00e1sica Solidaria, recibir\u00e1n por\ncada uno de ellos $55.250 en el segundo aporte y $45.500 en el tercero. En el\nprimer aporte no se considerar\u00e1n, debido a que reciben en ese mes el Bono\nInvierno.<\/p>\n\n\n\n<p>El\nIngreso Familiar de Emergencia (IFE) busca entregar un apoyo econ\u00f3mico a los\nhogares cuyos ingresos son mayoritariamente informales y que se han visto\nfuertemente afectados por la crisis sanitaria y econ\u00f3mica provocada por el\nCOVID-19.<\/p>\n\n\n\n<p><strong>\u00bfEn qu\u00e9 consiste el Ingreso Familiar de\nEmergencia?<\/strong><\/p>\n\n\n\n<p>El IFE\nes un subsidio directo al bolsillo de los beneficiarios, que se entregar\u00e1 a los\nhogares del 60% m\u00e1s vulnerable que no tengan ingresos formales o que en el\nhogar viva un adulto mayor de 70 a\u00f1os o m\u00e1s que tenga Pensi\u00f3n B\u00e1sica Solidaria.\nEl beneficio se entregar\u00e1 por hasta tres meses y el monto depender\u00e1 del tama\u00f1o\ny del tipo de hogar.<\/p>\n\n\n\n<p><strong>\u00bfQui\u00e9nes pueden recibir el Ingreso\nFamiliar de Emergencia?<\/strong><\/p>\n\n\n\n<ul class=\"wp-block-list\"><li>Los hogares que pertenezcan al 60% m\u00e1s\nvulnerable del pa\u00eds en los meses de emergencia, que no pertenecen al 10% de\nmayores ingresos seg\u00fan la Calificaci\u00f3n Socioecon\u00f3mica del Registro Social de\nHogares, y que no posean ingresos formales provenientes de remuneraciones\npercibidas a causa, por ejemplo, de un contrato de trabajo, pensando en que\nellos podr\u00edan acogerse a otras medidas que se est\u00e1n impulsando para proteger\nlos ingresos de las familias en medio de la pandemia.<\/li><\/ul>\n\n\n\n<ul class=\"wp-block-list\"><li>Los hogares que tienen al menos un\nadulto mayor de 70 a\u00f1os o m\u00e1s con Pensi\u00f3n B\u00e1sica Solidaria (PBS), que no forman\nparte del primer grupo y que pertenezcan al 80% m\u00e1s vulnerable del pa\u00eds seg\u00fan\nla Calificaci\u00f3n Socioecon\u00f3mica del Registro Social de Hogares.<\/li><\/ul>\n\n\n\n<p><strong>\u00bfC\u00f3mo funciona el Ingreso Familiar de Emergencia?<\/strong><\/p>\n\n\n\n<ul class=\"wp-block-list\"><li>Debes estar inscrito en el Registro Social\nde Hogares y pertenecer hasta 90% m\u00e1s vulnerable de la poblaci\u00f3n. Si no lo\ntiene deber\u00e1 ingresar a <a href=\"http:\/\/www.registrosocial.gob.cl\">www.registrosocial.gob.cl<\/a> para hacer una solicitud.<\/li><li>Una vez abiertas las postulaciones, el\n20 de mayo, deber\u00e1n ingresar a www.ingresodeemergencia.cl e inscribirse con tus\ndatos personales.<\/li><li>Cuando ya est\u00e9 inscrito, su informaci\u00f3n\nser\u00e1 revisada y se notifican los resultados de tu postulaci\u00f3n.<\/li><\/ul>\n\n\n\n<figure class=\"wp-block-gallery columns-2 is-cropped wp-block-gallery-1 is-layout-flex wp-block-gallery-is-layout-flex\"><ul class=\"blocks-gallery-grid\"><li class=\"blocks-gallery-item\"><figure><img loading=\"lazy\" decoding=\"async\" width=\"790\" height=\"1024\" src=\"https:\/\/www.radiopresidenteibanez.cl\/web\/wp-content\/uploads\/2020\/05\/Informativo-Dise\u00f1o-2-790x1024.jpg\" alt=\"\" data-id=\"11976\" data-full-url=\"https:\/\/www.radiopresidenteibanez.cl\/web\/wp-content\/uploads\/2020\/05\/Informativo-Dise\u00f1o-2.jpg\" data-link=\"https:\/\/www.radiopresidenteibanez.cl\/web\/?attachment_id=11976\" class=\"wp-image-11976\" srcset=\"https:\/\/www.radiopresidenteibanez.cl\/web\/wp-content\/uploads\/2020\/05\/Informativo-Dise\u00f1o-2-790x1024.jpg 790w, https:\/\/www.radiopresidenteibanez.cl\/web\/wp-content\/uploads\/2020\/05\/Informativo-Dise\u00f1o-2-231x300.jpg 231w, https:\/\/www.radiopresidenteibanez.cl\/web\/wp-content\/uploads\/2020\/05\/Informativo-Dise\u00f1o-2-768x996.jpg 768w, https:\/\/www.radiopresidenteibanez.cl\/web\/wp-content\/uploads\/2020\/05\/Informativo-Dise\u00f1o-2-1185x1536.jpg 1185w, https:\/\/www.radiopresidenteibanez.cl\/web\/wp-content\/uploads\/2020\/05\/Informativo-Dise\u00f1o-2.jpg 1276w\" sizes=\"auto, (max-width: 790px) 100vw, 790px\" \/><\/figure><\/li><li class=\"blocks-gallery-item\"><figure><img loading=\"lazy\" decoding=\"async\" width=\"790\" height=\"1024\" src=\"https:\/\/www.radiopresidenteibanez.cl\/web\/wp-content\/uploads\/2020\/05\/Informativo-Dise\u00f1o-1-790x1024.jpg\" alt=\"\" data-id=\"11977\" data-full-url=\"https:\/\/www.radiopresidenteibanez.cl\/web\/wp-content\/uploads\/2020\/05\/Informativo-Dise\u00f1o-1.jpg\" data-link=\"https:\/\/www.radiopresidenteibanez.cl\/web\/?attachment_id=11977\" class=\"wp-image-11977\" srcset=\"https:\/\/www.radiopresidenteibanez.cl\/web\/wp-content\/uploads\/2020\/05\/Informativo-Dise\u00f1o-1-790x1024.jpg 790w, https:\/\/www.radiopresidenteibanez.cl\/web\/wp-content\/uploads\/2020\/05\/Informativo-Dise\u00f1o-1-231x300.jpg 231w, https:\/\/www.radiopresidenteibanez.cl\/web\/wp-content\/uploads\/2020\/05\/Informativo-Dise\u00f1o-1-768x996.jpg 768w, https:\/\/www.radiopresidenteibanez.cl\/web\/wp-content\/uploads\/2020\/05\/Informativo-Dise\u00f1o-1-1185x1536.jpg 1185w, https:\/\/www.radiopresidenteibanez.cl\/web\/wp-content\/uploads\/2020\/05\/Informativo-Dise\u00f1o-1.jpg 1276w\" sizes=\"auto, (max-width: 790px) 100vw, 790px\" \/><\/figure><\/li><\/ul><\/figure>\n","protected":false},"excerpt":{"rendered":"<p>Este beneficio consiste en tres pagos mensuales consecutivos, los cuales van decreciendo en su monto, y se entrega de acuerdo al n\u00famero de integrantes del grupo familiar. Tambi\u00e9n, lo reciben&#8230; <a class=\"read-more\" href=\"https:\/\/www.radiopresidenteibanez.cl\/web\/mas-de-12-mil-hogares-de-magallanes-recibiran-el-ingreso-familiar-de-emergencia\/\">Leer m\u00e1s<\/a><\/p>\n","protected":false},"author":2,"featured_media":11009,"comment_status":"closed","ping_status":"closed","sticky":false,"template":"","format":"standard","meta":{"footnotes":""},"categories":[1],"tags":[],"class_list":["post-11975","post","type-post","status-publish","format-standard","has-post-thumbnail","hentry","category-cronica"],"_links":{"self":[{"href":"https:\/\/www.radiopresidenteibanez.cl\/web\/wp-json\/wp\/v2\/posts\/11975","targetHints":{"allow":["GET"]}}],"collection":[{"href":"https:\/\/www.radiopresidenteibanez.cl\/web\/wp-json\/wp\/v2\/posts"}],"about":[{"href":"https:\/\/www.radiopresidenteibanez.cl\/web\/wp-json\/wp\/v2\/types\/post"}],"author":[{"embeddable":true,"href":"https:\/\/www.radiopresidenteibanez.cl\/web\/wp-json\/wp\/v2\/users\/2"}],"replies":[{"embeddable":true,"href":"https:\/\/www.radiopresidenteibanez.cl\/web\/wp-json\/wp\/v2\/comments?post=11975"}],"version-history":[{"count":0,"href":"https:\/\/www.radiopresidenteibanez.cl\/web\/wp-json\/wp\/v2\/posts\/11975\/revisions"}],"wp:featuredmedia":[{"embeddable":true,"href":"https:\/\/www.radiopresidenteibanez.cl\/web\/wp-json\/wp\/v2\/media\/11009"}],"wp:attachment":[{"href":"https:\/\/www.radiopresidenteibanez.cl\/web\/wp-json\/wp\/v2\/media?parent=11975"}],"wp:term":[{"taxonomy":"category","embeddable":true,"href":"https:\/\/www.radiopresidenteibanez.cl\/web\/wp-json\/wp\/v2\/categories?post=11975"},{"taxonomy":"post_tag","embeddable":true,"href":"https:\/\/www.radiopresidenteibanez.cl\/web\/wp-json\/wp\/v2\/tags?post=11975"}],"curies":[{"name":"wp","href":"https:\/\/api.w.org\/{rel}","templated":true}]}}