{"id":11972,"date":"2020-05-16T16:57:24","date_gmt":"2020-05-16T16:57:24","guid":{"rendered":"https:\/\/www.radiopresidenteibanez.cl\/web\/?p=11972"},"modified":"2020-05-16T16:57:28","modified_gmt":"2020-05-16T16:57:28","slug":"primera-dama-y-presidenta-de-la-fundacion-de-las-familias-cecilia-morel-anuncio-la-implementacion-de-un-programa-de-contencion-sicologica-a-traves-de-whatsapp-desarrollado-por-profesionales-voluntar","status":"publish","type":"post","link":"https:\/\/www.radiopresidenteibanez.cl\/web\/primera-dama-y-presidenta-de-la-fundacion-de-las-familias-cecilia-morel-anuncio-la-implementacion-de-un-programa-de-contencion-sicologica-a-traves-de-whatsapp-desarrollado-por-profesionales-voluntar\/","title":{"rendered":"PRIMERA DAMA Y PRESIDENTA DE LA FUNDACI\u00d3N DE LAS FAMILIAS, CECILIA MOREL, ANUNCI\u00d3 LA IMPLEMENTACI\u00d3N DE UN PROGRAMA DE CONTENCI\u00d3N SICOL\u00d3GICA A TRAV\u00c9S DE WHATSAPP DESARROLLADO POR PROFESIONALES VOLUNTARIOS"},"content":{"rendered":"\n<p>\n\nLa iniciativa desarrollada por la Fundaci\u00f3n de las Familias, entidad perteneciente a la Red de Fundaciones de la Presidencia, contar\u00e1 con 30 profesionales disponibles en todo el pa\u00eds, los cuales podr\u00e1n ayudar a personas que necesiten contenci\u00f3n emocional producto de la pandemia del Covid 19.<\/p>\n\n\n\n<p>Los sic\u00f3logos son voluntarios y atender\u00e1n de lunes a viernes de 10 a 18 horas y s\u00e1bados de 9 a 14 horas. La asistencia se consigue a trav\u00e9s de la plataforma de Whatsapp habilitada especialmente en este periodo con el n\u00famero +56 9 37100023.<\/p>\n\n\n\n<p>La Presidenta de la Fundaci\u00f3n de las Familias, Cecilia Morel, puntualiz\u00f3: \u201cEstamos viviendo una de las crisis sanitarias m\u00e1s graves de los \u00faltimos 100 a\u00f1os. Y una de sus principales consecuencias est\u00e1n radicadas en la salud mental de las personas, especialmente, en las que est\u00e1n en cuarentenas prolongadas. Es por eso la importancia de este tipo de herramientas tecnol\u00f3gicas que permiten tener ayuda sicol\u00f3gica o simplememente acompa\u00f1amiento, a trav\u00e9s de sic\u00f3logos voluntarios, para quienes necesiten contenci\u00f3n emocional. Seguiremos trabajando junto a nuestras Fundaciones para desarrollar medidas que ayuden a combatir los efectos del Covid 19\u201d.<\/p>\n\n\n\n<p>Por su parte, la directora ejecutiva de Fundaci\u00f3n de las Familias, Bernardita Prado, se\u00f1al\u00f3: \u201cLa oferta interactiva a trav\u00e9s del WhatsApp es amplia. Tenemos a disposici\u00f3n de todos los que deseen conectarse, ofreciendo informaci\u00f3n clave, orientaci\u00f3n y derivaci\u00f3n de tr\u00e1mites, actividades recreativas, asistencia y contenci\u00f3n, entre otros\u201d.<\/p>\n\n\n\n<p>El trabajo remoto consiste en entregar a las personas asistencia de todo tipo. \u201cNosotros no podemos abandonar a quienes nos necesitan. Llegamos a las familias con este whatsapp con entretenci\u00f3n, manualidades y talleres, pero muy especialmente con esta asistencia personalizada a trav\u00e9s de estos profesionales que voluntariamente atienden en forma gratuita a quien lo requiera\u201d.<br>El n\u00famero al que deben escribir es al +56937100023. \u201cAh\u00ed recibir\u00e1n un completo men\u00fa y para pedir la atenci\u00f3n del sic\u00f3logo, s\u00f3lo deben marcar la opci\u00f3n 7 e inmediatamente los contactan para dar orientaci\u00f3n\u201d, recalc\u00f3 Prado<\/p>\n\n\n\n<p>En este escenario, las tecnolog\u00edas de la informaci\u00f3n, a su juicio, \u201cbrindan una gran oportunidad para llevar este apoyo y acompa\u00f1ar a las familias en una modalidad distinta, no presencial, que resguarde la salud de las personas\u201d.<\/p>\n\n\n\n<p>Fundaci\u00f3n de las Familias es una instituci\u00f3n que funciona desde hace 30 a\u00f1os. \u201cTrabajamos con las familias en situaci\u00f3n de vulnerabilidad de todo Chile, por eso consideramos muy importante seguir a su lado acompa\u00f1ando y atendiendo a quienes lo necesitan en un momento tan complejo como el que vivimos. Sabemos que hay familias que han quedado sin ingresos, los ni\u00f1os con clases remotas y eso, sin duda genera incertidumbre en las personas\u201d, precis\u00f3.\n\n<\/p>\n","protected":false},"excerpt":{"rendered":"<p>La iniciativa desarrollada por la Fundaci\u00f3n de las Familias, entidad perteneciente a la Red de Fundaciones de la Presidencia, contar\u00e1 con 30 profesionales disponibles en todo el pa\u00eds, los cuales&#8230; <a class=\"read-more\" href=\"https:\/\/www.radiopresidenteibanez.cl\/web\/primera-dama-y-presidenta-de-la-fundacion-de-las-familias-cecilia-morel-anuncio-la-implementacion-de-un-programa-de-contencion-sicologica-a-traves-de-whatsapp-desarrollado-por-profesionales-voluntar\/\">Leer m\u00e1s<\/a><\/p>\n","protected":false},"author":2,"featured_media":11973,"comment_status":"closed","ping_status":"closed","sticky":false,"template":"","format":"standard","meta":{"footnotes":""},"categories":[1],"tags":[],"class_list":["post-11972","post","type-post","status-publish","format-standard","has-post-thumbnail","hentry","category-cronica"],"_links":{"self":[{"href":"https:\/\/www.radiopresidenteibanez.cl\/web\/wp-json\/wp\/v2\/posts\/11972","targetHints":{"allow":["GET"]}}],"collection":[{"href":"https:\/\/www.radiopresidenteibanez.cl\/web\/wp-json\/wp\/v2\/posts"}],"about":[{"href":"https:\/\/www.radiopresidenteibanez.cl\/web\/wp-json\/wp\/v2\/types\/post"}],"author":[{"embeddable":true,"href":"https:\/\/www.radiopresidenteibanez.cl\/web\/wp-json\/wp\/v2\/users\/2"}],"replies":[{"embeddable":true,"href":"https:\/\/www.radiopresidenteibanez.cl\/web\/wp-json\/wp\/v2\/comments?post=11972"}],"version-history":[{"count":0,"href":"https:\/\/www.radiopresidenteibanez.cl\/web\/wp-json\/wp\/v2\/posts\/11972\/revisions"}],"wp:featuredmedia":[{"embeddable":true,"href":"https:\/\/www.radiopresidenteibanez.cl\/web\/wp-json\/wp\/v2\/media\/11973"}],"wp:attachment":[{"href":"https:\/\/www.radiopresidenteibanez.cl\/web\/wp-json\/wp\/v2\/media?parent=11972"}],"wp:term":[{"taxonomy":"category","embeddable":true,"href":"https:\/\/www.radiopresidenteibanez.cl\/web\/wp-json\/wp\/v2\/categories?post=11972"},{"taxonomy":"post_tag","embeddable":true,"href":"https:\/\/www.radiopresidenteibanez.cl\/web\/wp-json\/wp\/v2\/tags?post=11972"}],"curies":[{"name":"wp","href":"https:\/\/api.w.org\/{rel}","templated":true}]}}