{"id":11969,"date":"2020-05-16T16:53:23","date_gmt":"2020-05-16T16:53:23","guid":{"rendered":"https:\/\/www.radiopresidenteibanez.cl\/web\/?p=11969"},"modified":"2020-05-16T16:53:28","modified_gmt":"2020-05-16T16:53:28","slug":"senadis-entrega-mascarillas-y-escudos-faciales-a-la-agrupacion-de-amigos-de-personas-ciegas-agaci","status":"publish","type":"post","link":"https:\/\/www.radiopresidenteibanez.cl\/web\/senadis-entrega-mascarillas-y-escudos-faciales-a-la-agrupacion-de-amigos-de-personas-ciegas-agaci\/","title":{"rendered":"SENADIS ENTREGA MASCARILLAS Y ESCUDOS FACIALES A LA AGRUPACI\u00d3N DE AMIGOS DE PERSONAS CIEGAS (AGACI)"},"content":{"rendered":"\n<p>El director de Senadis,\nIv\u00e1n Gonz\u00e1lez en compa\u00f1\u00eda del Gobernador de Magallanes, Homero Villegas y la\nSeremi de Desarrollo Social y familia, Liz Casanueva, hicieron entrega a la\nAgrupaci\u00f3n de Amigos de los Ciegos (AGACI) de&nbsp;\nmascarillas&nbsp; y escudos faciales,\nelaboradas gracias al aporte de telas e hilos que efectu\u00f3 la tienda Cosme\nNocera y la manufactura realizada por la&nbsp;\nUniversidad de Magallanes, que incluy\u00f3 escudos faciales elaborados por\nla Facultad de Ingenier\u00eda de esa misma casa de estudios.<\/p>\n\n\n\n<p>Esta entrega, se enmarca\nen la distribuci\u00f3n de elementos de protecci\u00f3n personal donados por la UMAG y\nempresas regionales, requeridos por las organizaciones de y para personas con\ndiscapacidad y que ser\u00e1n distribuidos por el Servicio Nacional de la Discapacidad\ncon el apoyo de la Seremi de Desarrollo Social y Familia y la Gobernaci\u00f3n\nRegional de Magallanes.&nbsp; <\/p>\n\n\n\n<p>La Seremi, Liz Casanueva\nen la ocasi\u00f3n se\u00f1al\u00f3: \u201cLas personas con discapacidad se ven afectadas en mayor\nmedida por la emergencia sanitaria ocasionada por el Covid 19 y son parte de\nlos grupos de riesgo. En consecuencia, requieren mejores condiciones de\nprotecci\u00f3n, as\u00ed, por ejemplo, las personas ciegas no siempre est\u00e1n conscientes\nde quienes est\u00e1n cerca de ellos y as\u00ed dar cumplimiento a las distancias m\u00ednimas\nde aproximaci\u00f3n con otras personas, por cuanto requieren elementos que permitan\nun mayor resguardo de su seguridad como los escudos faciales que hoy les\nestamos entregando gracias al aporte de la Universidad de Magallanes\u201d.<\/p>\n\n\n\n<p>Por su parte la\nPresidenta de Agaci, Paola Coronado agradeci\u00f3 la entrega de estos implementos\ndestacando que \u201cpara nosotros ha sido una ayuda sumamente importante, se le\nagradece much\u00edsimo, estamos s\u00faper contentos, para nosotros significa mucho el\ntener una mascarilla, el tener una protecci\u00f3n facial porque eso nos da una\nseguridad a las personas ciegas que de repente no podemos mantener una\ndistancia con otras personas, o cuidarnos de ese modo, esto nos da una\ntranquilidad para andar en la calle.\u201d&nbsp; <\/p>\n\n\n\n<p>As\u00ed tambi\u00e9n el Director\nRegional del SENADIS, Iv\u00e1n Gonz\u00e1lez Cresp, valor\u00f3 estos aportes, agradeciendo\nla respuesta de la comunidad magall\u00e1nica. Sin embargo, manifest\u00f3 la necesidad\nde seguir sumando empresas: \u201cEstamos enfocados en la protecci\u00f3n de las personas\ncon discapacidad, sus familias y cuidadores. Es por ello que las empresas\ninteresadas en colaborar pueden contactarse con SENADIS para hacer llegar a\nnuestras oficinas donaciones de insumos como alimentos, elementos de protecci\u00f3n\npersonal, \u00fatiles de aseo, entre otros\u201d.<\/p>\n\n\n\n<p>Finalmente, el gobernador\nHomero Villegas destac\u00f3: \u201cJunto con agradecer a las empresas regionales,\nhacemos tambi\u00e9n un llamado al resto de las empresas de nuestra regi\u00f3n a imitar\nestas iniciativas. En esta labor, los necesitamos a todos y estamos seguros del\ncompromiso de los magall\u00e1nicos con las personas con discapacidad que est\u00e1n\natravesando dif\u00edciles momentos debido a la pandemia mundial\u201d.<\/p>\n\n\n\n<p>Cabe destacar que, desde\nel mes de abril, Senadis se encuentra realizando un llamado a las empresas de\nla regi\u00f3n para efectuar aportes que vayan en ayuda de personas con discapacidad\ny sus familias, las que se han visto seriamente afectadas por la emergencia\nsanitaria ocasionada para Covid-19.<\/p>\n","protected":false},"excerpt":{"rendered":"<p>El director de Senadis, Iv\u00e1n Gonz\u00e1lez en compa\u00f1\u00eda del Gobernador de Magallanes, Homero Villegas y la Seremi de Desarrollo Social y familia, Liz Casanueva, hicieron entrega a la Agrupaci\u00f3n de&#8230; <a class=\"read-more\" href=\"https:\/\/www.radiopresidenteibanez.cl\/web\/senadis-entrega-mascarillas-y-escudos-faciales-a-la-agrupacion-de-amigos-de-personas-ciegas-agaci\/\">Leer m\u00e1s<\/a><\/p>\n","protected":false},"author":2,"featured_media":11970,"comment_status":"closed","ping_status":"closed","sticky":false,"template":"","format":"standard","meta":{"footnotes":""},"categories":[1],"tags":[],"class_list":["post-11969","post","type-post","status-publish","format-standard","has-post-thumbnail","hentry","category-cronica"],"_links":{"self":[{"href":"https:\/\/www.radiopresidenteibanez.cl\/web\/wp-json\/wp\/v2\/posts\/11969","targetHints":{"allow":["GET"]}}],"collection":[{"href":"https:\/\/www.radiopresidenteibanez.cl\/web\/wp-json\/wp\/v2\/posts"}],"about":[{"href":"https:\/\/www.radiopresidenteibanez.cl\/web\/wp-json\/wp\/v2\/types\/post"}],"author":[{"embeddable":true,"href":"https:\/\/www.radiopresidenteibanez.cl\/web\/wp-json\/wp\/v2\/users\/2"}],"replies":[{"embeddable":true,"href":"https:\/\/www.radiopresidenteibanez.cl\/web\/wp-json\/wp\/v2\/comments?post=11969"}],"version-history":[{"count":0,"href":"https:\/\/www.radiopresidenteibanez.cl\/web\/wp-json\/wp\/v2\/posts\/11969\/revisions"}],"wp:featuredmedia":[{"embeddable":true,"href":"https:\/\/www.radiopresidenteibanez.cl\/web\/wp-json\/wp\/v2\/media\/11970"}],"wp:attachment":[{"href":"https:\/\/www.radiopresidenteibanez.cl\/web\/wp-json\/wp\/v2\/media?parent=11969"}],"wp:term":[{"taxonomy":"category","embeddable":true,"href":"https:\/\/www.radiopresidenteibanez.cl\/web\/wp-json\/wp\/v2\/categories?post=11969"},{"taxonomy":"post_tag","embeddable":true,"href":"https:\/\/www.radiopresidenteibanez.cl\/web\/wp-json\/wp\/v2\/tags?post=11969"}],"curies":[{"name":"wp","href":"https:\/\/api.w.org\/{rel}","templated":true}]}}