{"id":11955,"date":"2020-05-14T20:55:47","date_gmt":"2020-05-14T20:55:47","guid":{"rendered":"https:\/\/www.radiopresidenteibanez.cl\/web\/?p=11955"},"modified":"2020-05-14T21:44:44","modified_gmt":"2020-05-14T21:44:44","slug":"luego-de-varias-jornadas-en-uci-debido-al-covid-19-doctora-maria-isabel-iduya-fue-dada-de-alta-y-realizara-hospitalizacion-domiciliaria","status":"publish","type":"post","link":"https:\/\/www.radiopresidenteibanez.cl\/web\/luego-de-varias-jornadas-en-uci-debido-al-covid-19-doctora-maria-isabel-iduya-fue-dada-de-alta-y-realizara-hospitalizacion-domiciliaria\/","title":{"rendered":"LUEGO DE VARIAS JORNADAS EN UCI DEBIDO AL COVID-19 DOCTORA MAR\u00cdA ISABEL IDUYA FUE DADA DE ALTA Y REALIZAR\u00c1 HOSPITALIZACI\u00d3N DOMICILIARIA"},"content":{"rendered":"\n<p>Durante la tarde de este jueves 14 de mayo, se dio a conocer\nque la doctora Mar\u00eda Isabel Iduya, fue dada de alta luego de que permaneciera\ncerca de 20 d\u00edas en la UCI del Hospital Cl\u00ednico de Magallanes, afectada por el Coronavirus\nCovid-19, la especialista realizar\u00e1 hospitalizaci\u00f3n domiciliaria, luego de\nciertos criterios m\u00e9dicos.<\/p>\n\n\n\n<p>Hasta el momento se desconocen mayores detalles, lo cuales podr\u00edan ser informados en las pr\u00f3ximas horas por las autoridades de salud.<\/p>\n\n\n\n<p><\/p>\n\n\n\n<p>CHH.<\/p>\n","protected":false},"excerpt":{"rendered":"<p>Durante la tarde de este jueves 14 de mayo, se dio a conocer que la doctora Mar\u00eda Isabel Iduya, fue dada de alta luego de que permaneciera cerca de 20&#8230; <a class=\"read-more\" href=\"https:\/\/www.radiopresidenteibanez.cl\/web\/luego-de-varias-jornadas-en-uci-debido-al-covid-19-doctora-maria-isabel-iduya-fue-dada-de-alta-y-realizara-hospitalizacion-domiciliaria\/\">Leer m\u00e1s<\/a><\/p>\n","protected":false},"author":2,"featured_media":585,"comment_status":"closed","ping_status":"closed","sticky":false,"template":"","format":"standard","meta":{"footnotes":""},"categories":[1],"tags":[],"class_list":["post-11955","post","type-post","status-publish","format-standard","has-post-thumbnail","hentry","category-cronica"],"_links":{"self":[{"href":"https:\/\/www.radiopresidenteibanez.cl\/web\/wp-json\/wp\/v2\/posts\/11955","targetHints":{"allow":["GET"]}}],"collection":[{"href":"https:\/\/www.radiopresidenteibanez.cl\/web\/wp-json\/wp\/v2\/posts"}],"about":[{"href":"https:\/\/www.radiopresidenteibanez.cl\/web\/wp-json\/wp\/v2\/types\/post"}],"author":[{"embeddable":true,"href":"https:\/\/www.radiopresidenteibanez.cl\/web\/wp-json\/wp\/v2\/users\/2"}],"replies":[{"embeddable":true,"href":"https:\/\/www.radiopresidenteibanez.cl\/web\/wp-json\/wp\/v2\/comments?post=11955"}],"version-history":[{"count":0,"href":"https:\/\/www.radiopresidenteibanez.cl\/web\/wp-json\/wp\/v2\/posts\/11955\/revisions"}],"wp:featuredmedia":[{"embeddable":true,"href":"https:\/\/www.radiopresidenteibanez.cl\/web\/wp-json\/wp\/v2\/media\/585"}],"wp:attachment":[{"href":"https:\/\/www.radiopresidenteibanez.cl\/web\/wp-json\/wp\/v2\/media?parent=11955"}],"wp:term":[{"taxonomy":"category","embeddable":true,"href":"https:\/\/www.radiopresidenteibanez.cl\/web\/wp-json\/wp\/v2\/categories?post=11955"},{"taxonomy":"post_tag","embeddable":true,"href":"https:\/\/www.radiopresidenteibanez.cl\/web\/wp-json\/wp\/v2\/tags?post=11955"}],"curies":[{"name":"wp","href":"https:\/\/api.w.org\/{rel}","templated":true}]}}