{"id":11952,"date":"2020-05-14T20:48:26","date_gmt":"2020-05-14T20:48:26","guid":{"rendered":"https:\/\/www.radiopresidenteibanez.cl\/web\/?p=11952"},"modified":"2020-05-15T01:29:11","modified_gmt":"2020-05-15T01:29:11","slug":"gobernacion-de-magallanes-y-conadi-entregaran-ayuda-a-mas-de-589-familias","status":"publish","type":"post","link":"https:\/\/www.radiopresidenteibanez.cl\/web\/gobernacion-de-magallanes-y-conadi-entregaran-ayuda-a-mas-de-589-familias\/","title":{"rendered":"GOBERNACI\u00d3N DE MAGALLANES Y CONADI ENTREGAR\u00c1N AYUDA A M\u00c1S DE 589 FAMILIAS"},"content":{"rendered":"\n<p>En\nel marco de la emergencia de salud p\u00fablica y social provocada por la\npropagaci\u00f3n del virus COVID-19, la Oficina de Asuntos Ind\u00edgenas de Punta Arenas,\nfirm\u00f3 un convenio de colaboraci\u00f3n con la Gobernaci\u00f3n provincial de Magallanes, para\nir en ayuda de la poblaci\u00f3n ind\u00edgena de Punta Arenas.<\/p>\n\n\n\n<p>Es\nas\u00ed que esta ma\u00f1ana, el gobernador Homero Villegas, junto a la seremi de\nDesarrollo Social y Familia, Liz Casanueva y Carolina Avenda\u00f1o, jefa de la\noficina de Conadi, hicieron entrega de las primeras cajas de ayuda.<\/p>\n\n\n\n<p>En\nla ocasi\u00f3n, el Gobernador Villegas se\u00f1al\u00f3 que: \u201cla ayuda del Gobierno del\nPresidente Pi\u00f1era, se est\u00e1 entregando v\u00eda Conadi, para ello en la semana se van\na entregar 589 canastas, donde se est\u00e1n privilegiando las personas de edad,\nembarazadas y gente en situaci\u00f3n de discapacidad, ya que son los grupos\nprioritarios. Pero en realidad, la idea es poder llegar a la mayor cantidad de\nfamilias ind\u00edgenas de la comuna de Punta Arenas. En este momento, la ayuda se\nest\u00e1 entregando en tres juntas de vecinos: N\u00ba 43 villa Alfredo Lorca, N\u00ba 21\nsector Sur y N\u00ba 48 Goleta Ancud\u201d.<\/p>\n\n\n\n<p>La\nseremi de Desarrollo Social y Familia Liz Casanueva, agradeci\u00f3 el trabajo de\nambas instituciones, destacando que \u201cdurante 3 d\u00edas, hoy, ma\u00f1ana y el s\u00e1bado, los\nfuncionarios de la gobernaci\u00f3n de Magallanes y Conadi, estar\u00e1n entregando estas\nayudas a las personas que ser\u00e1n citadas previo aviso, para que tambi\u00e9n no\nexista una aglomeraci\u00f3n en el lugar de entrega\u201d.<\/p>\n\n\n\n<p>Igualmente\ndestacaron que como gobierno, se est\u00e1 trabajando en ayudar a toda la poblaci\u00f3n\nm\u00e1s vulnerable: \u201cno solamente por parte de la comunidad ind\u00edgena, sino tambi\u00e9n\npara adultos mayores. Hemos tenido un aumento en las llamadas al fono del\nadulto mayor, al 800 4000 35, por lo tanto, estamos haciendo todas las\ngestiones para poder apalancar recursos, tanto, desde las direcciones\nnacionales de cada servicio, como de los ministerios, lo que se suma a los\naportes del gobierno regional, que entreg\u00f3 recursos a las Didecos en cada una\nde las comunas de la regi\u00f3n de Magallanes\u201d.<\/p>\n\n\n\n<p>Francisco\nCid Mardones, perteneciente a la etnia Mapuche, fue uno de los beneficiados con\nesta iniciativa, quien destac\u00f3: \u201cestoy muy agradecido, porque la verdad es que\nllevo meses malos, desde el estallido social, porque soy zapatero, tengo una\nPyme chiquitita, mi emprendimiento, donde nos hemos visto bastante\nperjudicados, desde octubre a la fecha. As\u00ed que esta ayuda me viene s\u00faper\nbien\u201d. <\/p>\n\n\n\n<p>La\nayuda entregada corresponde a alimentos no perecibles, avaluadas en 40 mil\npesos cada una, las que se entregan a personas pertenecientes a alguna poblaci\u00f3n\nind\u00edgena, para lo que se requiere contar con: Certificado de calidad ind\u00edgena y\nRegistro Social de Hogares.<\/p>\n\n\n\n<p>En ese contexto Carolina Avenda\u00f1o, jefa de la oficina de Conadi destac\u00f3 que \u201ces importante se\u00f1alar que las personas tienen que estar tranquilas, y esperar que los llamen desde la gobernaci\u00f3n y les van a decir donde se tienen que dirigir\u201d. <\/p>\n\n\n\n<figure class=\"wp-block-image size-large\"><img loading=\"lazy\" decoding=\"async\" width=\"1024\" height=\"498\" src=\"https:\/\/www.radiopresidenteibanez.cl\/web\/wp-content\/uploads\/2020\/05\/IMG-20200514-WA0050-1024x498.jpg\" alt=\"\" class=\"wp-image-11967\" srcset=\"https:\/\/www.radiopresidenteibanez.cl\/web\/wp-content\/uploads\/2020\/05\/IMG-20200514-WA0050-1024x498.jpg 1024w, https:\/\/www.radiopresidenteibanez.cl\/web\/wp-content\/uploads\/2020\/05\/IMG-20200514-WA0050-300x146.jpg 300w, https:\/\/www.radiopresidenteibanez.cl\/web\/wp-content\/uploads\/2020\/05\/IMG-20200514-WA0050-768x373.jpg 768w, https:\/\/www.radiopresidenteibanez.cl\/web\/wp-content\/uploads\/2020\/05\/IMG-20200514-WA0050.jpg 1280w\" sizes=\"auto, (max-width: 1024px) 100vw, 1024px\" \/><\/figure>\n","protected":false},"excerpt":{"rendered":"<p>En el marco de la emergencia de salud p\u00fablica y social provocada por la propagaci\u00f3n del virus COVID-19, la Oficina de Asuntos Ind\u00edgenas de Punta Arenas, firm\u00f3 un convenio de&#8230; <a class=\"read-more\" href=\"https:\/\/www.radiopresidenteibanez.cl\/web\/gobernacion-de-magallanes-y-conadi-entregaran-ayuda-a-mas-de-589-familias\/\">Leer m\u00e1s<\/a><\/p>\n","protected":false},"author":2,"featured_media":11966,"comment_status":"closed","ping_status":"closed","sticky":false,"template":"","format":"standard","meta":{"footnotes":""},"categories":[1],"tags":[],"class_list":["post-11952","post","type-post","status-publish","format-standard","has-post-thumbnail","hentry","category-cronica"],"_links":{"self":[{"href":"https:\/\/www.radiopresidenteibanez.cl\/web\/wp-json\/wp\/v2\/posts\/11952","targetHints":{"allow":["GET"]}}],"collection":[{"href":"https:\/\/www.radiopresidenteibanez.cl\/web\/wp-json\/wp\/v2\/posts"}],"about":[{"href":"https:\/\/www.radiopresidenteibanez.cl\/web\/wp-json\/wp\/v2\/types\/post"}],"author":[{"embeddable":true,"href":"https:\/\/www.radiopresidenteibanez.cl\/web\/wp-json\/wp\/v2\/users\/2"}],"replies":[{"embeddable":true,"href":"https:\/\/www.radiopresidenteibanez.cl\/web\/wp-json\/wp\/v2\/comments?post=11952"}],"version-history":[{"count":0,"href":"https:\/\/www.radiopresidenteibanez.cl\/web\/wp-json\/wp\/v2\/posts\/11952\/revisions"}],"wp:featuredmedia":[{"embeddable":true,"href":"https:\/\/www.radiopresidenteibanez.cl\/web\/wp-json\/wp\/v2\/media\/11966"}],"wp:attachment":[{"href":"https:\/\/www.radiopresidenteibanez.cl\/web\/wp-json\/wp\/v2\/media?parent=11952"}],"wp:term":[{"taxonomy":"category","embeddable":true,"href":"https:\/\/www.radiopresidenteibanez.cl\/web\/wp-json\/wp\/v2\/categories?post=11952"},{"taxonomy":"post_tag","embeddable":true,"href":"https:\/\/www.radiopresidenteibanez.cl\/web\/wp-json\/wp\/v2\/tags?post=11952"}],"curies":[{"name":"wp","href":"https:\/\/api.w.org\/{rel}","templated":true}]}}