{"id":11949,"date":"2020-05-14T20:45:04","date_gmt":"2020-05-14T20:45:04","guid":{"rendered":"https:\/\/www.radiopresidenteibanez.cl\/web\/?p=11949"},"modified":"2020-05-14T20:45:09","modified_gmt":"2020-05-14T20:45:09","slug":"sernameg-encabezo-nueva-sesion-del-circuito-intersectorial-de-femicidios","status":"publish","type":"post","link":"https:\/\/www.radiopresidenteibanez.cl\/web\/sernameg-encabezo-nueva-sesion-del-circuito-intersectorial-de-femicidios\/","title":{"rendered":"SERNAMEG ENCABEZ\u00d3 NUEVA SESI\u00d3N DEL CIRCUITO INTERSECTORIAL DE FEMICIDIOS"},"content":{"rendered":"\n<p>Con el objetivo de analizar el trabajo de coordinaci\u00f3n, derivaci\u00f3n y los\nprocedimientos de acogida de las denuncias ante casos de violencia grave y la\nactivaci\u00f3n intersectorial ante eventuales femicidios frustrados y consumados,\nse llev\u00f3 a cabo la tercera sesi\u00f3n del a\u00f1o del Circuito Intersectorial de\nFemicidios (CIF), instancia liderada por la Direcci\u00f3n Regional del Servicio\nNacional de la Mujer y la Equidad de G\u00e9nero, SernamEG Magallanes, y constituida\npor la Serem\u00eda de la Mujer y la Equidad de G\u00e9nero, Carabineros, Polic\u00eda de\nInvestigaciones, Servicio M\u00e9dico Legal, Centro de Apoyo a V\u00edctimas (CAVD),\nSename, y Coordinadora Regional de Seguridad P\u00fablica.<\/p>\n\n\n\n<p>En la oportunidad, la\nDirectora Regional de SernamEG Magallanes, Fabiola Garc\u00eda Pinto, present\u00f3 el\nactual plan de contingencia del Servicio en el marco de la pandemia, reforzando\nel mensaje que se contin\u00faa trabajando, pero con las medidas necesarias para no\nexponer innecesariamente a funcionarias, funcionarios, y sobrevivientes de\nviolencia que requieran del apoyo y asesor\u00eda. En tanto, desde Carabineros se\nexpuso el n\u00famero de denuncias a nivel regional de casos en contexto de\nviolencia intrafamiliar, en los que se ha percibido una baja en contraste a las\ncifras del a\u00f1o pasado. <\/p>\n\n\n\n<p>Sobre esto \u00faltimo, la\nSeremi de la Mujer y la Equidad de G\u00e9nero, Patricia Mackenney Schmauk, indic\u00f3\nque una de las principales preocupaciones del Ministerio en el contexto de la\nactual contingencia sanitaria es precisamente aumentar la tasa de denuncias. \u201cSi\nya exist\u00eda una cifra negra de delitos de violencia intrafamiliar que no se\ndenuncian, que en Magallanes ser\u00eda del 90%, esta disminuci\u00f3n que se est\u00e1\npresentando no necesariamente tendr\u00eda relaci\u00f3n con un descenso en la tasa de\nviolencia. De hecho, a nivel internacional sabemos que la violencia de g\u00e9nero\nha aumentado significativamente en los lugares donde se ha aplicado la medida\nde confinamiento obligatorio en hasta un 25%\u201d, explic\u00f3 la autoridad. <\/p>\n\n\n\n<p>As\u00ed tambi\u00e9n lo se\u00f1al\u00f3 la\nDirectora de SernamEG: \u201cSin denuncia es m\u00e1s complicado tomar conocimiento de\nlos casos, activar la red intergubernamental y entregar la debida protecci\u00f3n a\nv\u00edctimas. Por eso es tan necesario insistir en que las mujeres tengan la\nconfianza de acercarse a Carabineros, PDI, y el Ministerio P\u00fablico, porque el\naumento a las consultas del fono de orientaci\u00f3n 1455 nos indica que\nprobablemente la frecuencia de los episodios de violencia ha aumentado\u201d.<\/p>\n\n\n\n<p>De acuerdo con las\ncifras del Fono de Orientaci\u00f3n en Violencias 1455, a nivel nacional los\nllamados aumentaron un 53% durante las dos primeras semanas de abril con 14 mil\n759 consultas, en contraste a las 8 mil 130 del mes de marzo. En tanto, las\nllamadas al Fono Familia de Carabineros crecieron en un 119%. Incremento\nalarmante ante el cual el Ministerio junto al Servicio Nacional de la Mujer y\nla Equidad de G\u00e9nero han respondido fortaleciendo la red de apoyo a v\u00edctimas y creando\nnuevos canales de apoyo como: Campa\u00f1a comunidad \u201cAqu\u00ed no entra la violencia\u201d,\nChat silencioso 1455 en la web del SernamEG, Atenci\u00f3n remota de psic\u00f3logos,\nCampa\u00f1a \u201cMascarilla 19\u201d, y el nuevo WhatsApp de Orientaci\u00f3n de Violencias +56 9700\n7000.<\/p>\n\n\n\n<p>Los integrantes del\nCircuito Intersectorial de Femicidios finalmente valoraron la coordinaci\u00f3n que\nha existido entre las instituciones durante los momentos de confinamiento\nsocial y cuarentena que se han vivido en la capital regional, especialmente la\nde Carabineros, PDI, Uravit y SernamEG, que han permitido otorgar una respuesta\noportuna y eficaz a las mujeres que est\u00e1n siendo v\u00edctimas de violencia.<\/p>\n\n\n\n<p><strong>Circuito\nIntersectorial de Femicidios<\/strong><\/p>\n\n\n\n<p>Cabe se\u00f1alar que el objetivo del Circuito de\nFemicidios es gestionar intersectorialmente y garantizar apoyo para las\nv\u00edctimas directas en caso de femicidio frustrado, y ni\u00f1as, ni\u00f1os y adolescentes\nv\u00edctimas indirectas, as\u00ed como tambi\u00e9n de sus familiares y otras v\u00edctimas adultas,\nen los casos de femicidios consumados y frustrados seg\u00fan corresponda. A trav\u00e9s\ndel Circuito se obtiene la informaci\u00f3n de los hechos para la activaci\u00f3n r\u00e1pida\ny permite una respuesta que comprende un primer contacto inmediato, y entrega\nde atenci\u00f3n psicosocial, reparatoria, y jur\u00eddica para v\u00edctimas directas e\nindirectas.<\/p>\n","protected":false},"excerpt":{"rendered":"<p>Con el objetivo de analizar el trabajo de coordinaci\u00f3n, derivaci\u00f3n y los procedimientos de acogida de las denuncias ante casos de violencia grave y la activaci\u00f3n intersectorial ante eventuales femicidios&#8230; <a class=\"read-more\" href=\"https:\/\/www.radiopresidenteibanez.cl\/web\/sernameg-encabezo-nueva-sesion-del-circuito-intersectorial-de-femicidios\/\">Leer m\u00e1s<\/a><\/p>\n","protected":false},"author":2,"featured_media":11950,"comment_status":"closed","ping_status":"closed","sticky":false,"template":"","format":"standard","meta":{"footnotes":""},"categories":[1],"tags":[],"class_list":["post-11949","post","type-post","status-publish","format-standard","has-post-thumbnail","hentry","category-cronica"],"_links":{"self":[{"href":"https:\/\/www.radiopresidenteibanez.cl\/web\/wp-json\/wp\/v2\/posts\/11949","targetHints":{"allow":["GET"]}}],"collection":[{"href":"https:\/\/www.radiopresidenteibanez.cl\/web\/wp-json\/wp\/v2\/posts"}],"about":[{"href":"https:\/\/www.radiopresidenteibanez.cl\/web\/wp-json\/wp\/v2\/types\/post"}],"author":[{"embeddable":true,"href":"https:\/\/www.radiopresidenteibanez.cl\/web\/wp-json\/wp\/v2\/users\/2"}],"replies":[{"embeddable":true,"href":"https:\/\/www.radiopresidenteibanez.cl\/web\/wp-json\/wp\/v2\/comments?post=11949"}],"version-history":[{"count":0,"href":"https:\/\/www.radiopresidenteibanez.cl\/web\/wp-json\/wp\/v2\/posts\/11949\/revisions"}],"wp:featuredmedia":[{"embeddable":true,"href":"https:\/\/www.radiopresidenteibanez.cl\/web\/wp-json\/wp\/v2\/media\/11950"}],"wp:attachment":[{"href":"https:\/\/www.radiopresidenteibanez.cl\/web\/wp-json\/wp\/v2\/media?parent=11949"}],"wp:term":[{"taxonomy":"category","embeddable":true,"href":"https:\/\/www.radiopresidenteibanez.cl\/web\/wp-json\/wp\/v2\/categories?post=11949"},{"taxonomy":"post_tag","embeddable":true,"href":"https:\/\/www.radiopresidenteibanez.cl\/web\/wp-json\/wp\/v2\/tags?post=11949"}],"curies":[{"name":"wp","href":"https:\/\/api.w.org\/{rel}","templated":true}]}}