{"id":11943,"date":"2020-05-14T20:39:19","date_gmt":"2020-05-14T20:39:19","guid":{"rendered":"https:\/\/www.radiopresidenteibanez.cl\/web\/?p=11943"},"modified":"2020-05-14T20:39:23","modified_gmt":"2020-05-14T20:39:23","slug":"a-traves-de-hospital-puerto-williams-servicio-de-salud-apoya-con-elementos-de-proteccion-a-bomberos-de-la-comuna","status":"publish","type":"post","link":"https:\/\/www.radiopresidenteibanez.cl\/web\/a-traves-de-hospital-puerto-williams-servicio-de-salud-apoya-con-elementos-de-proteccion-a-bomberos-de-la-comuna\/","title":{"rendered":"A TRAV\u00c9S DE HOSPITAL PUERTO WILLIAMS SERVICIO DE SALUD APOYA CON ELEMENTOS DE PROTECCI\u00d3N A BOMBEROS DE LA COMUNA"},"content":{"rendered":"\n<p>Un\nimportante aporte a la Primera Compa\u00f1\u00eda \u201cArturo Prat\u201d del Cuerpo de Bomberos de\nPuerto Williams, efect\u00fao el Servicio de Salud Magallanes a trav\u00e9s del Hospital\nComunitario Cristina Calder\u00f3n de Puerto Williams, donaci\u00f3n consistente en elementos\nde protecci\u00f3n personal EPP y term\u00f3metros infrarrojos.<\/p>\n\n\n\n<p>La\nentrega, efectuada por el director del establecimiento de salud m\u00e1s austral del\nmundo, matr\u00f3n Fabian Barrientos, consider\u00f3 mascarillas de 3 pliegues, mascarillas\nKN95, alcohol gel, guantes y lentes antiparras como elementos de protecci\u00f3n\nadem\u00e1s de 2 term\u00f3metros, sumando en total 790 elementos. <\/p>\n\n\n\n<p>Al\nrespecto, el director del hospital de Puerto Williams mencion\u00f3 que, \u201cla\ndonaci\u00f3n efectuada por el Servicio de Salud, ser\u00e1 de gran apoyo al cuerpo de\nbomberos de Puerto Williams, quienes nos han ayudado enormemente al\nenfrentamiento de esta Pandemia; como Hospital estamos muy agradecidos por toda\nla ayuda que ellos nos han dispensada hacia la comunidad y esperamos que la\ndonaci\u00f3n entregada vaya en apoyo directo al trabajo que realizan diariamente\u201d. <\/p>\n\n\n\n<p>Bomberos de Puerto Williams a trav\u00e9s de sus\nredes sociales, expresaron p\u00fablicamente que los implementos ser\u00e1n utilizados para\nrealizaran labores diarias ayudando en la prevenci\u00f3n del COVID-19, por lo que\nagradec\u00edan el apoyo entregado.<\/p>\n","protected":false},"excerpt":{"rendered":"<p>Un importante aporte a la Primera Compa\u00f1\u00eda \u201cArturo Prat\u201d del Cuerpo de Bomberos de Puerto Williams, efect\u00fao el Servicio de Salud Magallanes a trav\u00e9s del Hospital Comunitario Cristina Calder\u00f3n de&#8230; <a class=\"read-more\" href=\"https:\/\/www.radiopresidenteibanez.cl\/web\/a-traves-de-hospital-puerto-williams-servicio-de-salud-apoya-con-elementos-de-proteccion-a-bomberos-de-la-comuna\/\">Leer m\u00e1s<\/a><\/p>\n","protected":false},"author":2,"featured_media":11944,"comment_status":"closed","ping_status":"closed","sticky":false,"template":"","format":"standard","meta":{"footnotes":""},"categories":[1],"tags":[],"class_list":["post-11943","post","type-post","status-publish","format-standard","has-post-thumbnail","hentry","category-cronica"],"_links":{"self":[{"href":"https:\/\/www.radiopresidenteibanez.cl\/web\/wp-json\/wp\/v2\/posts\/11943","targetHints":{"allow":["GET"]}}],"collection":[{"href":"https:\/\/www.radiopresidenteibanez.cl\/web\/wp-json\/wp\/v2\/posts"}],"about":[{"href":"https:\/\/www.radiopresidenteibanez.cl\/web\/wp-json\/wp\/v2\/types\/post"}],"author":[{"embeddable":true,"href":"https:\/\/www.radiopresidenteibanez.cl\/web\/wp-json\/wp\/v2\/users\/2"}],"replies":[{"embeddable":true,"href":"https:\/\/www.radiopresidenteibanez.cl\/web\/wp-json\/wp\/v2\/comments?post=11943"}],"version-history":[{"count":0,"href":"https:\/\/www.radiopresidenteibanez.cl\/web\/wp-json\/wp\/v2\/posts\/11943\/revisions"}],"wp:featuredmedia":[{"embeddable":true,"href":"https:\/\/www.radiopresidenteibanez.cl\/web\/wp-json\/wp\/v2\/media\/11944"}],"wp:attachment":[{"href":"https:\/\/www.radiopresidenteibanez.cl\/web\/wp-json\/wp\/v2\/media?parent=11943"}],"wp:term":[{"taxonomy":"category","embeddable":true,"href":"https:\/\/www.radiopresidenteibanez.cl\/web\/wp-json\/wp\/v2\/categories?post=11943"},{"taxonomy":"post_tag","embeddable":true,"href":"https:\/\/www.radiopresidenteibanez.cl\/web\/wp-json\/wp\/v2\/tags?post=11943"}],"curies":[{"name":"wp","href":"https:\/\/api.w.org\/{rel}","templated":true}]}}