{"id":11941,"date":"2020-05-14T20:34:42","date_gmt":"2020-05-14T20:34:42","guid":{"rendered":"https:\/\/www.radiopresidenteibanez.cl\/web\/?p=11941"},"modified":"2020-05-14T20:34:46","modified_gmt":"2020-05-14T20:34:46","slug":"8-personas-se-encuentran-conectadas-a-ventilacion-mecanica-a-raiz-del-covid-19-en-magallanes","status":"publish","type":"post","link":"https:\/\/www.radiopresidenteibanez.cl\/web\/8-personas-se-encuentran-conectadas-a-ventilacion-mecanica-a-raiz-del-covid-19-en-magallanes\/","title":{"rendered":"8 PERSONAS SE ENCUENTRAN CONECTADAS A VENTILACI\u00d3N MEC\u00c1NICA A RA\u00cdZ DEL COVID-19 EN MAGALLANES"},"content":{"rendered":"\n<p>La Direcci\u00f3n del\nServicio de Salud Magallanes informa que al 14 de mayo:<\/p>\n\n\n\n<ul class=\"wp-block-list\"><li>Se informa en el\nHospital Cl\u00ednico Magallanes la hospitalizaci\u00f3n en Unidad de Paciente Cr\u00edtico\n(UPC) camas UCI de 10 personas, 8 conectadas a ventilaci\u00f3n mec\u00e1nica, por lo que\nla disponibilidad de asistencia ventilatoria queda en 18 equipos en la Red\nAsistencial P\u00fablica, a lo que debemos sumar la disponibilidad de un pool de 6\ncamas UCI con apoyo de m\u00e1quina de anestesia.<\/li><\/ul>\n\n\n\n<ul class=\"wp-block-list\"><li>Se registran 35 personas\nhospitalizadas en aislamiento por COVID_19, de ellas, 34 en el Hospital Cl\u00ednico\nMagallanes (todas positivas) y 1 paciente en sospecha en Hospital Dr. Augusto\nEssmann Burgos de Puerto Natales.<\/li><\/ul>\n\n\n\n<ul class=\"wp-block-list\"><li>Se\nregistran 5 rescates institucionales, todos con retorno a HCM y un retorno\nprivado (ISAPRE), sumando en total 6 casos; se mantienen a la fecha, 15 egresos\npor traslado de pacientes COVID_19 desde la UPC del Hospital Cl\u00ednico a\nestablecimientos de salud de la ciudad de Santiago.<\/li><\/ul>\n\n\n\n<ul class=\"wp-block-list\"><li>En cuanto situaci\u00f3n\nde Residencias Sanitarias, de los 174 cupos a nivel regional, hoy tenemos 20\nhabitaciones ocupadas, con disponibilidad de 154 cupos, distribuidos en las\ncomunas de Punta Arenas, Puerto Natales, Porvenir y Puerto Williams.<\/li><\/ul>\n\n\n\n<ul class=\"wp-block-list\"><li>En dispositivo de\napoyo Casa Tutelada, tenemos ocupaci\u00f3n de 3 habitaciones con igual n\u00famero de\npersonas.<\/li><\/ul>\n\n\n\n<ul class=\"wp-block-list\"><li>Respecto de situaci\u00f3n\nde nuestros funcionarios de la Red Asistencial, considerando los 4 establecimientos\nhospitalarios, Direcci\u00f3n de Servicio, Salud Mental, SAMU y Atenci\u00f3n Primaria de\nla regi\u00f3n, se registran 78 funcionarios con confirmaci\u00f3n COVID_19 positivo;\n85 personas en aislamiento preventivo por sospecha, 1 funcionarios\nhospitalizados en HCM y 8 funcionarios en residencia sanitaria. Adem\u00e1s, se\nregistran 74 altas con certificado alta seg\u00fan criterio MINSAL.<\/li><\/ul>\n","protected":false},"excerpt":{"rendered":"<p>La Direcci\u00f3n del Servicio de Salud Magallanes informa que al 14 de mayo: Se informa en el Hospital Cl\u00ednico Magallanes la hospitalizaci\u00f3n en Unidad de Paciente Cr\u00edtico (UPC) camas UCI&#8230; <a class=\"read-more\" href=\"https:\/\/www.radiopresidenteibanez.cl\/web\/8-personas-se-encuentran-conectadas-a-ventilacion-mecanica-a-raiz-del-covid-19-en-magallanes\/\">Leer m\u00e1s<\/a><\/p>\n","protected":false},"author":2,"featured_media":57,"comment_status":"closed","ping_status":"closed","sticky":false,"template":"","format":"standard","meta":{"footnotes":""},"categories":[1],"tags":[],"class_list":["post-11941","post","type-post","status-publish","format-standard","has-post-thumbnail","hentry","category-cronica"],"_links":{"self":[{"href":"https:\/\/www.radiopresidenteibanez.cl\/web\/wp-json\/wp\/v2\/posts\/11941","targetHints":{"allow":["GET"]}}],"collection":[{"href":"https:\/\/www.radiopresidenteibanez.cl\/web\/wp-json\/wp\/v2\/posts"}],"about":[{"href":"https:\/\/www.radiopresidenteibanez.cl\/web\/wp-json\/wp\/v2\/types\/post"}],"author":[{"embeddable":true,"href":"https:\/\/www.radiopresidenteibanez.cl\/web\/wp-json\/wp\/v2\/users\/2"}],"replies":[{"embeddable":true,"href":"https:\/\/www.radiopresidenteibanez.cl\/web\/wp-json\/wp\/v2\/comments?post=11941"}],"version-history":[{"count":0,"href":"https:\/\/www.radiopresidenteibanez.cl\/web\/wp-json\/wp\/v2\/posts\/11941\/revisions"}],"wp:featuredmedia":[{"embeddable":true,"href":"https:\/\/www.radiopresidenteibanez.cl\/web\/wp-json\/wp\/v2\/media\/57"}],"wp:attachment":[{"href":"https:\/\/www.radiopresidenteibanez.cl\/web\/wp-json\/wp\/v2\/media?parent=11941"}],"wp:term":[{"taxonomy":"category","embeddable":true,"href":"https:\/\/www.radiopresidenteibanez.cl\/web\/wp-json\/wp\/v2\/categories?post=11941"},{"taxonomy":"post_tag","embeddable":true,"href":"https:\/\/www.radiopresidenteibanez.cl\/web\/wp-json\/wp\/v2\/tags?post=11941"}],"curies":[{"name":"wp","href":"https:\/\/api.w.org\/{rel}","templated":true}]}}