{"id":11932,"date":"2020-05-14T20:24:42","date_gmt":"2020-05-14T20:24:42","guid":{"rendered":"https:\/\/www.radiopresidenteibanez.cl\/web\/?p=11932"},"modified":"2020-05-14T20:25:07","modified_gmt":"2020-05-14T20:25:07","slug":"personal-de-la-iva-brigada-aerea-mantiene-despliegue-en-apoyo-a-la-seguridad-sanitaria-de-la-poblacion","status":"publish","type":"post","link":"https:\/\/www.radiopresidenteibanez.cl\/web\/personal-de-la-iva-brigada-aerea-mantiene-despliegue-en-apoyo-a-la-seguridad-sanitaria-de-la-poblacion\/","title":{"rendered":"PERSONAL DE LA IV\u00aa BRIGADA A\u00c9REA MANTIENE DESPLIEGUE EN APOYO A LA SEGURIDAD SANITARIA DE LA POBLACI\u00d3N"},"content":{"rendered":"\n<p>La permanente labor que\ncumplen las patrullas de la IV\u00aa Brigada A\u00e9rea en la emergencia que afecta al\npa\u00eds, ha sido fundamental para velar por las medidas de seguridad sanitaria en\nla comunidad de Punta Arenas, desde que se decret\u00f3 el Estado de Excepci\u00f3n\nConstitucional de Cat\u00e1strofe.<\/p>\n\n\n\n<p>En la capital regional, a una\nsemana del levantamiento de cuarentena total, contin\u00faa el despliegue de los\naviadores militares en apoyo a las disposiciones sanitarias, a fin de ir\nretornando a las actividades de manera controlada y bajo estrictas medidas de\nprevenci\u00f3n, para evitar las situaciones de riesgo de contagio.<\/p>\n\n\n\n<p>El personal de la Unidad\nefect\u00faa fiscalizaciones a las personas que se desplazan por el sector norte de\nla ciudad, para verificar que no se encuentren en los registros de casos\npostivos o contacto estrecho de COVID-19, teniendo que cumplir con el\naislamiento domiciliario dispuesto por el Ministerio de Salud (Minsal).<\/p>\n\n\n\n<p>Los controles se efectuan\ntanto en el tr\u00e1nsito de veh\u00edculos, en el sector de Avenida Frei con Ruta 9,\ncomo en el acceso a los recintos comerciales y de abastecimiento. Las personas\ndeben mostrar su c\u00e9dula de identidad, para ingresar el RUT a una aplicaci\u00f3n\nm\u00f3vil y as\u00ed detectar si existe o no restricci\u00f3n sanitaria.<\/p>\n\n\n\n<p>En los diferentes puntos\ndesplegados, el personal tambi\u00e9n entrega orientaciones sobre las medidas que\ndebe seguir la comunidad, como mantener el distanciamiento, respetar el aforo\nde cada local comercial y el uso obligatorio de mascarillas.<\/p>\n\n\n\n<p>Asimismo, aviadores militares\nmantienen las fiscalizaciones en periodo de toque de queda, cuyo desplazamiento\nest\u00e1 permitido s\u00f3lo portando salvoconducto, y en el cord\u00f3n sanitario implementado\nen Kon Aiken, donde junto a la seremi de Salud realizan un exhaustivo control\npara ingresar y salir de la comuna. El instructivo para permisos de\ndesplazamiento puede ser descargado en <a href=\"http:\/\/www.gob.cl\/coronavirus\/documentos\">www.gob.cl\/coronavirus\/documentos<\/a>.<\/p>\n\n\n\n<p>Al respecto, el Teniente (A) Cristian Torres,\nquien participa como coordinador de las Operaciones Terrestres, efectu\u00f3 un\nllamado \u00aba tomar conciencia de la responsabilidad que tenemos todos en\nesta emergencia sanitaria, ya que nuestro comportamiento influye en el otro, y\nno cumplir con las medidas dispuestas pone en riesgo nuestra salud y la de los\ndem\u00e1s, junto con derivar en multas y sanciones penales, seg\u00fan el caso que\ncorresponda\u00bb.<\/p>\n","protected":false},"excerpt":{"rendered":"<p>La permanente labor que cumplen las patrullas de la IV\u00aa Brigada A\u00e9rea en la emergencia que afecta al pa\u00eds, ha sido fundamental para velar por las medidas de seguridad sanitaria&#8230; <a class=\"read-more\" href=\"https:\/\/www.radiopresidenteibanez.cl\/web\/personal-de-la-iva-brigada-aerea-mantiene-despliegue-en-apoyo-a-la-seguridad-sanitaria-de-la-poblacion\/\">Leer m\u00e1s<\/a><\/p>\n","protected":false},"author":2,"featured_media":11933,"comment_status":"closed","ping_status":"closed","sticky":false,"template":"","format":"standard","meta":{"footnotes":""},"categories":[1],"tags":[],"class_list":["post-11932","post","type-post","status-publish","format-standard","has-post-thumbnail","hentry","category-cronica"],"_links":{"self":[{"href":"https:\/\/www.radiopresidenteibanez.cl\/web\/wp-json\/wp\/v2\/posts\/11932","targetHints":{"allow":["GET"]}}],"collection":[{"href":"https:\/\/www.radiopresidenteibanez.cl\/web\/wp-json\/wp\/v2\/posts"}],"about":[{"href":"https:\/\/www.radiopresidenteibanez.cl\/web\/wp-json\/wp\/v2\/types\/post"}],"author":[{"embeddable":true,"href":"https:\/\/www.radiopresidenteibanez.cl\/web\/wp-json\/wp\/v2\/users\/2"}],"replies":[{"embeddable":true,"href":"https:\/\/www.radiopresidenteibanez.cl\/web\/wp-json\/wp\/v2\/comments?post=11932"}],"version-history":[{"count":0,"href":"https:\/\/www.radiopresidenteibanez.cl\/web\/wp-json\/wp\/v2\/posts\/11932\/revisions"}],"wp:featuredmedia":[{"embeddable":true,"href":"https:\/\/www.radiopresidenteibanez.cl\/web\/wp-json\/wp\/v2\/media\/11933"}],"wp:attachment":[{"href":"https:\/\/www.radiopresidenteibanez.cl\/web\/wp-json\/wp\/v2\/media?parent=11932"}],"wp:term":[{"taxonomy":"category","embeddable":true,"href":"https:\/\/www.radiopresidenteibanez.cl\/web\/wp-json\/wp\/v2\/categories?post=11932"},{"taxonomy":"post_tag","embeddable":true,"href":"https:\/\/www.radiopresidenteibanez.cl\/web\/wp-json\/wp\/v2\/tags?post=11932"}],"curies":[{"name":"wp","href":"https:\/\/api.w.org\/{rel}","templated":true}]}}