{"id":11929,"date":"2020-05-14T20:22:55","date_gmt":"2020-05-14T20:22:55","guid":{"rendered":"https:\/\/www.radiopresidenteibanez.cl\/web\/?p=11929"},"modified":"2020-05-14T20:23:01","modified_gmt":"2020-05-14T20:23:01","slug":"seremi-de-hacienda-y-economia-destacan-balance-de-creditos-fogape","status":"publish","type":"post","link":"https:\/\/www.radiopresidenteibanez.cl\/web\/seremi-de-hacienda-y-economia-destacan-balance-de-creditos-fogape\/","title":{"rendered":"SEREMI DE HACIENDA Y ECONOM\u00cdA DESTACAN BALANCE DE CR\u00c9DITOS FOGAPE"},"content":{"rendered":"\n<p>Al\nviernes 8 de mayo, a una semana de la implementaci\u00f3n efectiva del Programa de\nGarant\u00edas, los montos comprometidos en cr\u00e9ditos alcanzaban unos 1.300 millones\nde d\u00f3lares.<\/p>\n\n\n\n<p>De dicha\ncifra, 470 millones de d\u00f3lares ya est\u00e1n cursados, es decir depositados en las\ncuentas corrientes, mientras que 870 millones de d\u00f3lares est\u00e1n aprobados y van\na pasar prontamente a las cuentas corrientes de los destinatarios.<\/p>\n\n\n\n<p>Los\nprimeros n\u00fameros de las l\u00edneas de cr\u00e9dito Fogape son alentadores y la gran\nmayor\u00eda de los recursos cursados han ido a las Pymes, que son las que m\u00e1s lo\nnecesitan, porque tienen menos espalda para pasar este per\u00edodo.<\/p>\n\n\n\n<p>De hecho,\nel 98% de los cr\u00e9ditos hasta el viernes 8 de mayo han sido para Pymes y\nrespecto de los montos totales, el 80% ha sido destinado a ellas.<\/p>\n\n\n\n<p>El Ministro Briones indic\u00f3 que el n\u00famero\nde cr\u00e9ditos cursados pas\u00f3 de 13.400 el viernes a m\u00e1s de 20.000 al 13 de mayo, y\nque el 98% de estos pr\u00e9stamos se entregaron a peque\u00f1as y medianas empresas\n-firmas con ventas menores a 100 mil UF-, equivalente al 80% del monto\nentregado.<\/p>\n\n\n\n<p><br>\nEl monto promedio de cr\u00e9ditos a peque\u00f1as empresas, con ventas inferiores a 25\nmil UF, fue de $ 10 millones, mientras que las firmas medianas (de 25 mil a 100\nmil UF en ventas) se adjudicaron un monto promedio en torno a $ 120 millones.<\/p>\n\n\n\n<p>La seremi\nde Hacienda Lil Garc\u00e9s destac\u00f3 que en la regi\u00f3n de Magallanes la primera semana\nse otorgaron cr\u00e9ditos Fogape por m\u00e1s de 800 millones, los cuales fueron realizados\npor Banco Estado. \u201c<em>Sabemos que han\nexistido algunos inconvenientes de implementaci\u00f3n ante este nuevo instrumento, sin\nembargo las cifras muestran que el objetivo de dichos cr\u00e9ditos se est\u00e1\ncumpliendo, entregar capital de trabajo a las Pymes, para que puedan navegar en\nlos pr\u00f3ximos meses, que ser\u00e1n los mas duros en t\u00e9rminos sanitarios y econ\u00f3micos\u201d,se\u00f1al\u00f3\nla autoridad regional.<\/em><\/p>\n\n\n\n<p>Respecto\nde la cadena de abastecimiento, el ministro Lucas Palacios, entreg\u00f3 una se\u00f1al\nde tranquilidad a la poblaci\u00f3n respecto de que la red de abastecimiento est\u00e1\nabsolutamente garantizada. Para lograr dicha seguridad, y por expresa orden del\npresidente Sebasti\u00e1n Pi\u00f1era, existe un trabajo en conjunto de los ministerios\nde Agricultura, Transporte, Relaciones Exteriores, Obras P\u00fablicas, Energ\u00eda,\nadem\u00e1s de Econom\u00eda y Hacienda.<\/p>\n\n\n\n<p>En base a\nlo anterior, la seremi de Econom\u00eda Natalia Easton, se\u00f1al\u00f3 que en la regi\u00f3n sean\nrealizado todas las coordinaciones necesarias para garantizar el abastecimiento\ndesde el inicio de \u00e9sta crisis. Adem\u00e1s, agreg\u00f3 que<strong> \u201c<\/strong><em>desde el ministerio de\neconom\u00eda, se han publicado protocolos validados por la autoridad sanitaria, para\nla operaci\u00f3n de diversos sectores productivos como el comercio, supermercados,\nempresas de correos y delivery, entre otros, con el fin de que las empresas puedan\nimplementar las medidas sanitarias y evitar el contagio. Sin embargo, sabemos\nque el autocuidado ser\u00e1 siempre la mejor forma de protegernos, por lo que hago\nun llamado a la comunidad regional, a seguir las recomendaciones sanitarias y\nas\u00ed demostrar que, con responsabilidad, podemos mantener el levantamiento de la\ncuarentena y la disminuci\u00f3n de casos, retomando en forma paulatina y\nresponsable, las actividades productivas\u201d.<\/em><\/p>\n\n\n\n<p>Por\n\u00faltimo, las autoridades regionales destacaron el trabajo de coordinaci\u00f3n y\ncomunicaci\u00f3n con Banco Estado, trabajo colaborativo primordial para realizar un\nseguimiento ante la implementaci\u00f3n de este instrumento cuya forma de operar es\nexcepcional, y monitorear el alcance regional de esta medida de apoyo a las\nPymes.<\/p>\n","protected":false},"excerpt":{"rendered":"<p>Al viernes 8 de mayo, a una semana de la implementaci\u00f3n efectiva del Programa de Garant\u00edas, los montos comprometidos en cr\u00e9ditos alcanzaban unos 1.300 millones de d\u00f3lares. De dicha cifra,&#8230; <a class=\"read-more\" href=\"https:\/\/www.radiopresidenteibanez.cl\/web\/seremi-de-hacienda-y-economia-destacan-balance-de-creditos-fogape\/\">Leer m\u00e1s<\/a><\/p>\n","protected":false},"author":2,"featured_media":11930,"comment_status":"closed","ping_status":"closed","sticky":false,"template":"","format":"standard","meta":{"footnotes":""},"categories":[1],"tags":[],"class_list":["post-11929","post","type-post","status-publish","format-standard","has-post-thumbnail","hentry","category-cronica"],"_links":{"self":[{"href":"https:\/\/www.radiopresidenteibanez.cl\/web\/wp-json\/wp\/v2\/posts\/11929","targetHints":{"allow":["GET"]}}],"collection":[{"href":"https:\/\/www.radiopresidenteibanez.cl\/web\/wp-json\/wp\/v2\/posts"}],"about":[{"href":"https:\/\/www.radiopresidenteibanez.cl\/web\/wp-json\/wp\/v2\/types\/post"}],"author":[{"embeddable":true,"href":"https:\/\/www.radiopresidenteibanez.cl\/web\/wp-json\/wp\/v2\/users\/2"}],"replies":[{"embeddable":true,"href":"https:\/\/www.radiopresidenteibanez.cl\/web\/wp-json\/wp\/v2\/comments?post=11929"}],"version-history":[{"count":0,"href":"https:\/\/www.radiopresidenteibanez.cl\/web\/wp-json\/wp\/v2\/posts\/11929\/revisions"}],"wp:featuredmedia":[{"embeddable":true,"href":"https:\/\/www.radiopresidenteibanez.cl\/web\/wp-json\/wp\/v2\/media\/11930"}],"wp:attachment":[{"href":"https:\/\/www.radiopresidenteibanez.cl\/web\/wp-json\/wp\/v2\/media?parent=11929"}],"wp:term":[{"taxonomy":"category","embeddable":true,"href":"https:\/\/www.radiopresidenteibanez.cl\/web\/wp-json\/wp\/v2\/categories?post=11929"},{"taxonomy":"post_tag","embeddable":true,"href":"https:\/\/www.radiopresidenteibanez.cl\/web\/wp-json\/wp\/v2\/tags?post=11929"}],"curies":[{"name":"wp","href":"https:\/\/api.w.org\/{rel}","templated":true}]}}