{"id":11921,"date":"2020-05-14T13:30:07","date_gmt":"2020-05-14T13:30:07","guid":{"rendered":"https:\/\/www.radiopresidenteibanez.cl\/web\/?p=11921"},"modified":"2020-05-14T13:30:11","modified_gmt":"2020-05-14T13:30:11","slug":"bienvenida-pandemia-por-pablo-cruz","status":"publish","type":"post","link":"https:\/\/www.radiopresidenteibanez.cl\/web\/bienvenida-pandemia-por-pablo-cruz\/","title":{"rendered":"BIENVENIDA PANDEMIA por PABLO CRUZ"},"content":{"rendered":"\n<p>\u00bfPuedo uno creer que exista gente que est\u00e9 alegre con\nla pandemia?<\/p>\n\n\n\n<p>Bueno, si uno se pone a pensarlo, habr\u00e1 algunos\ncomerciantes que, gracias al coronavirus, descubrieron que el llamado delivery\nera la gran idea y que adem\u00e1s nadie iba a cuestionarles los precios. Habr\u00e1,\ntambi\u00e9n, &nbsp;algunas se\u00f1oras felices de\ntener, por fin, al marido en casa.<\/p>\n\n\n\n<p>Pero los que le han dado la bienvenida a la pandemia\nson esos pol\u00edticos de extrema derecha que juran&nbsp;\nque, gracias a la epidemia, podr\u00e1n evitar que la gente vote y cambie la\nConstituci\u00f3n heredada de la dictadura de las Fuerzas Armadas y Carabineros.<\/p>\n\n\n\n<p>Son esos extremistas que no solo apoyaron la cruel\ndictadura, sino que colaboraron con ella y que todav\u00eda echan de menos ese\nsistema de represi\u00f3n que tanto les gusta y que aplauden cada vez que los\ncarabineros golpean manifestantes, detienen a periodistas o le disparan a\nquienes protestan en las calles.<\/p>\n\n\n\n<p>Aparecen esos extremistas pol\u00edticos, incluyendo alg\u00fan\nadvenedizo local, que dicen, con voz segura, que debido al coronavirus, no\nest\u00e1n las condiciones para un plebiscito.<\/p>\n\n\n\n<p>Pero si bien hubo acuerdo en que abril no era el\nmomento adecuado, no hay dudas que el plebiscito se efectuar\u00e1, les guste o no a\nalgunos, el pr\u00f3ximo octubre. As\u00ed lo ha dicho el gobierno, as\u00ed opinan\nparlamentarios desde Renovaci\u00f3n Nacional hasta esos nuevos partidos de\nizquierda.<\/p>\n\n\n\n<p>Y es que este plebiscito, que durante a\u00f1os rechazaron\nlos gobiernos de la Concertaci\u00f3n, de la derecha y de la Nueva Izquierda, fue\nimpuesto por una rebeli\u00f3n ciudadana que demostr\u00f3 que, aburrida de los abusos y\nde la miop\u00eda de los pol\u00edticos, hab\u00eda llegado el momento de cambiar el sistema\nvigente en Chile desde 1973.<\/p>\n\n\n\n<p>Habr\u00e1 plebiscito, habr\u00e1 asamblea constituyente sin\nCongreso y habr\u00e1 un cambio profundo en el esquema republicano del pa\u00eds,\npandemias o no.<\/p>\n","protected":false},"excerpt":{"rendered":"<p>\u00bfPuedo uno creer que exista gente que est\u00e9 alegre con la pandemia? Bueno, si uno se pone a pensarlo, habr\u00e1 algunos comerciantes que, gracias al coronavirus, descubrieron que el llamado&#8230; <a class=\"read-more\" href=\"https:\/\/www.radiopresidenteibanez.cl\/web\/bienvenida-pandemia-por-pablo-cruz\/\">Leer m\u00e1s<\/a><\/p>\n","protected":false},"author":2,"featured_media":10716,"comment_status":"closed","ping_status":"closed","sticky":false,"template":"","format":"standard","meta":{"footnotes":""},"categories":[1],"tags":[],"class_list":["post-11921","post","type-post","status-publish","format-standard","has-post-thumbnail","hentry","category-cronica"],"_links":{"self":[{"href":"https:\/\/www.radiopresidenteibanez.cl\/web\/wp-json\/wp\/v2\/posts\/11921","targetHints":{"allow":["GET"]}}],"collection":[{"href":"https:\/\/www.radiopresidenteibanez.cl\/web\/wp-json\/wp\/v2\/posts"}],"about":[{"href":"https:\/\/www.radiopresidenteibanez.cl\/web\/wp-json\/wp\/v2\/types\/post"}],"author":[{"embeddable":true,"href":"https:\/\/www.radiopresidenteibanez.cl\/web\/wp-json\/wp\/v2\/users\/2"}],"replies":[{"embeddable":true,"href":"https:\/\/www.radiopresidenteibanez.cl\/web\/wp-json\/wp\/v2\/comments?post=11921"}],"version-history":[{"count":0,"href":"https:\/\/www.radiopresidenteibanez.cl\/web\/wp-json\/wp\/v2\/posts\/11921\/revisions"}],"wp:featuredmedia":[{"embeddable":true,"href":"https:\/\/www.radiopresidenteibanez.cl\/web\/wp-json\/wp\/v2\/media\/10716"}],"wp:attachment":[{"href":"https:\/\/www.radiopresidenteibanez.cl\/web\/wp-json\/wp\/v2\/media?parent=11921"}],"wp:term":[{"taxonomy":"category","embeddable":true,"href":"https:\/\/www.radiopresidenteibanez.cl\/web\/wp-json\/wp\/v2\/categories?post=11921"},{"taxonomy":"post_tag","embeddable":true,"href":"https:\/\/www.radiopresidenteibanez.cl\/web\/wp-json\/wp\/v2\/tags?post=11921"}],"curies":[{"name":"wp","href":"https:\/\/api.w.org\/{rel}","templated":true}]}}