{"id":11912,"date":"2020-05-13T21:34:57","date_gmt":"2020-05-13T21:34:57","guid":{"rendered":"https:\/\/www.radiopresidenteibanez.cl\/web\/?p=11912"},"modified":"2020-05-13T21:35:02","modified_gmt":"2020-05-13T21:35:02","slug":"seremi-de-desarrollo-social-dio-el-vamos-a-campana-para-pintar-lineas-de-distanciamiento-social-en-espacios-publicos-de-punta-arenas","status":"publish","type":"post","link":"https:\/\/www.radiopresidenteibanez.cl\/web\/seremi-de-desarrollo-social-dio-el-vamos-a-campana-para-pintar-lineas-de-distanciamiento-social-en-espacios-publicos-de-punta-arenas\/","title":{"rendered":"SEREMI DE DESARROLLO SOCIAL DIO EL VAMOS A CAMPA\u00d1A PARA PINTAR L\u00cdNEAS DE DISTANCIAMIENTO SOCIAL EN ESPACIOS P\u00daBLICOS DE PUNTA ARENAS"},"content":{"rendered":"\n<p>Mantener una distancia\nsocial de al menos un metro ha sido una conducta asimilada ya por gran parte de\nla poblaci\u00f3n. Junto con el lavado de manos, es una de las principales\nrecomendaciones compartidas por las autoridades para intentar frenar el\ncrecimiento de la pandemia.<\/p>\n\n\n\n<p>En ese contexto es que\neste martes, la Seremi de Desarrollo Social y Familia, Liz Casanueva, junto con\nel alcalde, Claudio Radonich y funcionarios del INJUV, salieron a pintar l\u00edneas\nde distanciamiento social a la salida de 3 espacios p\u00fablicos.<\/p>\n\n\n\n<p>La iniciativa de pintar\nl\u00edneas de distanciamiento social en espacios p\u00fablicos nace desde el Instituto\nNacional de la Juventud, y en Magallanes se trabaj\u00f3 est\u00e1 actividad con la\ncolaboraci\u00f3n de la Seremi de Desarrollo un Social y Familia, qui\u00e9n gestion\u00f3 las\nautorizaciones y los materiales para efectuar las demarcaciones de las salidas\nde estos lugares. <\/p>\n\n\n\n<p>Al respecto la Seremi de\nDesarrollo Social y Familia, Liz Casanueva se\u00f1al\u00f3: \u00abhoy en la sociedad,\ntodos tenemos un papel importante a la hora de reducir y desacelerar la\ntransmisi\u00f3n del COVID-19. El distanciamiento f\u00edsico es una medida esencial para\nprevenir la propagaci\u00f3n de este virus, es por eso que esta tarde en conjunto\ncon el alcalde, Claudio Radonich y funcionarios del Instituto Nacional de la\nJuventud, a ra\u00edz de una iniciativa del INJUV, estuvimos demarcando tres\nservicios p\u00fablicos de la comuna para que las personas puedan cumplir con esta\nnormativa, es as\u00ed que desde hoy, las salidas del Banco Estado, Caja de\nCompensaci\u00f3n Los H\u00e9roes y Chile Atiende, cuentan con \u00e9stas demarcaciones\u00bb.<\/p>\n\n\n\n<p>Los lugares pintados en\nesta primera ocasi\u00f3n fueron Banco Estado, Chile Atiende y la Caja de\nCompensaci\u00f3n Los H\u00e9roes, lugares que tienen gran concurrencia de p\u00fablico\nprincipalmente de adultos mayores. <\/p>\n\n\n\n<p>Se desmarc\u00f3 una distancia\nde un metro para que las personas al posicionarse en ese punto tengan una\ndistancia adecuada con las personas que est\u00e1n delante y atr\u00e1s de ellos.<\/p>\n\n\n\n<p>Cabe destacar que el distanciamiento\nsocial consiste en reducir la interacci\u00f3n f\u00edsica entre personas, ya que reduce\nlas probabilidades de diseminar la enfermedad entre las personas.<\/p>\n","protected":false},"excerpt":{"rendered":"<p>Mantener una distancia social de al menos un metro ha sido una conducta asimilada ya por gran parte de la poblaci\u00f3n. Junto con el lavado de manos, es una de&#8230; <a class=\"read-more\" href=\"https:\/\/www.radiopresidenteibanez.cl\/web\/seremi-de-desarrollo-social-dio-el-vamos-a-campana-para-pintar-lineas-de-distanciamiento-social-en-espacios-publicos-de-punta-arenas\/\">Leer m\u00e1s<\/a><\/p>\n","protected":false},"author":2,"featured_media":11913,"comment_status":"closed","ping_status":"closed","sticky":false,"template":"","format":"standard","meta":{"footnotes":""},"categories":[1],"tags":[],"class_list":["post-11912","post","type-post","status-publish","format-standard","has-post-thumbnail","hentry","category-cronica"],"_links":{"self":[{"href":"https:\/\/www.radiopresidenteibanez.cl\/web\/wp-json\/wp\/v2\/posts\/11912","targetHints":{"allow":["GET"]}}],"collection":[{"href":"https:\/\/www.radiopresidenteibanez.cl\/web\/wp-json\/wp\/v2\/posts"}],"about":[{"href":"https:\/\/www.radiopresidenteibanez.cl\/web\/wp-json\/wp\/v2\/types\/post"}],"author":[{"embeddable":true,"href":"https:\/\/www.radiopresidenteibanez.cl\/web\/wp-json\/wp\/v2\/users\/2"}],"replies":[{"embeddable":true,"href":"https:\/\/www.radiopresidenteibanez.cl\/web\/wp-json\/wp\/v2\/comments?post=11912"}],"version-history":[{"count":0,"href":"https:\/\/www.radiopresidenteibanez.cl\/web\/wp-json\/wp\/v2\/posts\/11912\/revisions"}],"wp:featuredmedia":[{"embeddable":true,"href":"https:\/\/www.radiopresidenteibanez.cl\/web\/wp-json\/wp\/v2\/media\/11913"}],"wp:attachment":[{"href":"https:\/\/www.radiopresidenteibanez.cl\/web\/wp-json\/wp\/v2\/media?parent=11912"}],"wp:term":[{"taxonomy":"category","embeddable":true,"href":"https:\/\/www.radiopresidenteibanez.cl\/web\/wp-json\/wp\/v2\/categories?post=11912"},{"taxonomy":"post_tag","embeddable":true,"href":"https:\/\/www.radiopresidenteibanez.cl\/web\/wp-json\/wp\/v2\/tags?post=11912"}],"curies":[{"name":"wp","href":"https:\/\/api.w.org\/{rel}","templated":true}]}}