{"id":11902,"date":"2020-05-13T21:20:03","date_gmt":"2020-05-13T21:20:03","guid":{"rendered":"https:\/\/www.radiopresidenteibanez.cl\/web\/?p=11902"},"modified":"2020-05-13T21:20:07","modified_gmt":"2020-05-13T21:20:07","slug":"medico-cirujano-y-magister-en-salud-publica-lidia-amarales-es-perjudicial-para-nuestros-mayores-y-enfermos-respiratorios-consumir-cigarro-en-estos-tiempos-de-pandemia","status":"publish","type":"post","link":"https:\/\/www.radiopresidenteibanez.cl\/web\/medico-cirujano-y-magister-en-salud-publica-lidia-amarales-es-perjudicial-para-nuestros-mayores-y-enfermos-respiratorios-consumir-cigarro-en-estos-tiempos-de-pandemia\/","title":{"rendered":"M\u00c9DICO CIRUJANO Y MAGISTER EN SALUD P\u00daBLICA, LIDIA AMARALES \u00abES PERJUDICIAL PARA NUESTROS MAYORES Y ENFERMOS RESPIRATORIOS CONSUMIR CIGARRO EN ESTOS TIEMPOS DE PANDEMIA\u00bb"},"content":{"rendered":"\n<p>En conversaci\u00f3n con radio Presidente Ib\u00e1\u00f1ez, en el programa Actualidad\nNoticiosa, la doctora lidia Amarales, indico&nbsp;que para todos quienes son enfermos\ncon patolog\u00edas respiratorias es perjudicial para su salud ser consumidor\ndirecto o vivir en una misma casa donde se consume cigarros y se puedan\ncontagiar con el covid-19<\/p>\n\n\n\n<p>Hemos le\u00eddo&nbsp;y escuchado en varias oportunidades que fumar ayuda a\nmatar el virus, lo cual es absolutamente falso, ya que este virus una de sus\nprincipales formas de atacar al ser humano es a trav\u00e9s de las\nv\u00edas&nbsp;respiratorias, lo publicado por un diario nacional hace algunos\nd\u00edas&nbsp;es totalmente desmentible, sin duda una falsa informaci\u00f3n&nbsp;que\npuede perjudicar a nuestros vecinos y vecinas<\/p>\n\n\n\n<p>Consultada la facultativa medica&nbsp;respecto al consumo de alcohol\npara terminar con el coronavirus en las personas, tambi\u00e9n es una informaci\u00f3n\nque algunos han inventado con la intenci\u00f3n&nbsp;de lograr un mayor consumo y\ncompra de cualquier licor en nuestra regi\u00f3n&nbsp;y pa\u00eds<\/p>\n\n\n\n<p>Finalizo indicando Lidia Amarales, que es indispensable tener un actuar\npreventivo ante esta pandemia, evitando salir y si es necesario\nhacerlo&nbsp;tomar todos los resguardos preventivos.&nbsp;<\/p>\n\n\n\n<p>DMG.<\/p>\n","protected":false},"excerpt":{"rendered":"<p>En conversaci\u00f3n con radio Presidente Ib\u00e1\u00f1ez, en el programa Actualidad Noticiosa, la doctora lidia Amarales, indico&nbsp;que para todos quienes son enfermos con patolog\u00edas respiratorias es perjudicial para su salud ser&#8230; <a class=\"read-more\" href=\"https:\/\/www.radiopresidenteibanez.cl\/web\/medico-cirujano-y-magister-en-salud-publica-lidia-amarales-es-perjudicial-para-nuestros-mayores-y-enfermos-respiratorios-consumir-cigarro-en-estos-tiempos-de-pandemia\/\">Leer m\u00e1s<\/a><\/p>\n","protected":false},"author":2,"featured_media":11904,"comment_status":"closed","ping_status":"closed","sticky":false,"template":"","format":"standard","meta":{"footnotes":""},"categories":[1],"tags":[],"class_list":["post-11902","post","type-post","status-publish","format-standard","has-post-thumbnail","hentry","category-cronica"],"_links":{"self":[{"href":"https:\/\/www.radiopresidenteibanez.cl\/web\/wp-json\/wp\/v2\/posts\/11902","targetHints":{"allow":["GET"]}}],"collection":[{"href":"https:\/\/www.radiopresidenteibanez.cl\/web\/wp-json\/wp\/v2\/posts"}],"about":[{"href":"https:\/\/www.radiopresidenteibanez.cl\/web\/wp-json\/wp\/v2\/types\/post"}],"author":[{"embeddable":true,"href":"https:\/\/www.radiopresidenteibanez.cl\/web\/wp-json\/wp\/v2\/users\/2"}],"replies":[{"embeddable":true,"href":"https:\/\/www.radiopresidenteibanez.cl\/web\/wp-json\/wp\/v2\/comments?post=11902"}],"version-history":[{"count":0,"href":"https:\/\/www.radiopresidenteibanez.cl\/web\/wp-json\/wp\/v2\/posts\/11902\/revisions"}],"wp:featuredmedia":[{"embeddable":true,"href":"https:\/\/www.radiopresidenteibanez.cl\/web\/wp-json\/wp\/v2\/media\/11904"}],"wp:attachment":[{"href":"https:\/\/www.radiopresidenteibanez.cl\/web\/wp-json\/wp\/v2\/media?parent=11902"}],"wp:term":[{"taxonomy":"category","embeddable":true,"href":"https:\/\/www.radiopresidenteibanez.cl\/web\/wp-json\/wp\/v2\/categories?post=11902"},{"taxonomy":"post_tag","embeddable":true,"href":"https:\/\/www.radiopresidenteibanez.cl\/web\/wp-json\/wp\/v2\/tags?post=11902"}],"curies":[{"name":"wp","href":"https:\/\/api.w.org\/{rel}","templated":true}]}}