{"id":11895,"date":"2020-05-13T13:31:11","date_gmt":"2020-05-13T13:31:11","guid":{"rendered":"https:\/\/www.radiopresidenteibanez.cl\/web\/?p=11895"},"modified":"2020-05-13T13:31:15","modified_gmt":"2020-05-13T13:31:15","slug":"fallecio-adulto-mayor-a-raiz-de-covid-19-y-se-convierte-en-el-deceso-numero-15-en-magallanes-debido-a-la-pandemia","status":"publish","type":"post","link":"https:\/\/www.radiopresidenteibanez.cl\/web\/fallecio-adulto-mayor-a-raiz-de-covid-19-y-se-convierte-en-el-deceso-numero-15-en-magallanes-debido-a-la-pandemia\/","title":{"rendered":"FALLECI\u00d3 ADULTO MAYOR A RA\u00cdZ DE COVID-19, Y SE CONVIERTE EN EL DECESO N\u00daMERO 15 EN MAGALLANES DEBIDO A LA PANDEMIA"},"content":{"rendered":"\n<p>El pasado 25 de abril, un hombre de 78 a\u00f1os ingres\u00f3 hasta\nlas dependencias del Hospital Cl\u00ednico de Magallanes, debido a que manten\u00eda s\u00edntomas\nrelacionados al Covid-19, y que posteriormente fue ratificado a trav\u00e9s del PCR.<\/p>\n\n\n\n<p>El hombre que se encontraba internado en el 4to piso del centro\ncl\u00ednico, lamentablemente falleci\u00f3 durante la madrugada, la autoridad de salud,\nser\u00e1 la encargada de informar si el fallecido manten\u00eda o no enfermedades de\nbase que sumado al virus pudieron haber agravado su estado de salud.<\/p>\n","protected":false},"excerpt":{"rendered":"<p>El pasado 25 de abril, un hombre de 78 a\u00f1os ingres\u00f3 hasta las dependencias del Hospital Cl\u00ednico de Magallanes, debido a que manten\u00eda s\u00edntomas relacionados al Covid-19, y que posteriormente&#8230; <a class=\"read-more\" href=\"https:\/\/www.radiopresidenteibanez.cl\/web\/fallecio-adulto-mayor-a-raiz-de-covid-19-y-se-convierte-en-el-deceso-numero-15-en-magallanes-debido-a-la-pandemia\/\">Leer m\u00e1s<\/a><\/p>\n","protected":false},"author":2,"featured_media":10325,"comment_status":"closed","ping_status":"closed","sticky":false,"template":"","format":"standard","meta":{"footnotes":""},"categories":[1],"tags":[],"class_list":["post-11895","post","type-post","status-publish","format-standard","has-post-thumbnail","hentry","category-cronica"],"_links":{"self":[{"href":"https:\/\/www.radiopresidenteibanez.cl\/web\/wp-json\/wp\/v2\/posts\/11895","targetHints":{"allow":["GET"]}}],"collection":[{"href":"https:\/\/www.radiopresidenteibanez.cl\/web\/wp-json\/wp\/v2\/posts"}],"about":[{"href":"https:\/\/www.radiopresidenteibanez.cl\/web\/wp-json\/wp\/v2\/types\/post"}],"author":[{"embeddable":true,"href":"https:\/\/www.radiopresidenteibanez.cl\/web\/wp-json\/wp\/v2\/users\/2"}],"replies":[{"embeddable":true,"href":"https:\/\/www.radiopresidenteibanez.cl\/web\/wp-json\/wp\/v2\/comments?post=11895"}],"version-history":[{"count":0,"href":"https:\/\/www.radiopresidenteibanez.cl\/web\/wp-json\/wp\/v2\/posts\/11895\/revisions"}],"wp:featuredmedia":[{"embeddable":true,"href":"https:\/\/www.radiopresidenteibanez.cl\/web\/wp-json\/wp\/v2\/media\/10325"}],"wp:attachment":[{"href":"https:\/\/www.radiopresidenteibanez.cl\/web\/wp-json\/wp\/v2\/media?parent=11895"}],"wp:term":[{"taxonomy":"category","embeddable":true,"href":"https:\/\/www.radiopresidenteibanez.cl\/web\/wp-json\/wp\/v2\/categories?post=11895"},{"taxonomy":"post_tag","embeddable":true,"href":"https:\/\/www.radiopresidenteibanez.cl\/web\/wp-json\/wp\/v2\/tags?post=11895"}],"curies":[{"name":"wp","href":"https:\/\/api.w.org\/{rel}","templated":true}]}}