{"id":11884,"date":"2020-05-13T13:10:35","date_gmt":"2020-05-13T13:10:35","guid":{"rendered":"https:\/\/www.radiopresidenteibanez.cl\/web\/?p=11884"},"modified":"2020-05-13T13:10:40","modified_gmt":"2020-05-13T13:10:40","slug":"con-una-significativa-ceremonia-el-hospital-dr-augusto-essmann-burgos-celebro-el-dia-internacional-de-la-enfermeria","status":"publish","type":"post","link":"https:\/\/www.radiopresidenteibanez.cl\/web\/con-una-significativa-ceremonia-el-hospital-dr-augusto-essmann-burgos-celebro-el-dia-internacional-de-la-enfermeria\/","title":{"rendered":"CON UNA SIGNIFICATIVA CEREMONIA EL HOSPITAL DR. AUGUSTO ESSMANN BURGOS CELEBR\u00d3 EL D\u00cdA INTERNACIONAL DE LA ENFERMER\u00cdA"},"content":{"rendered":"\n<p>En el auditorio del Hospital Dr. Augusto\nEssmann Burgos, se realiz\u00f3 una ceremonia de reconocimiento y agradecimiento a\nla labor de las enfermeras y los enfermeros al celebrarse como cada 12 de mayo\nel d\u00eda internacional de la enfermer\u00eda.<\/p>\n\n\n\n<p>Al respecto, el director(s) del\nhospital, Dr. Darwin Letellier valor\u00f3 el papel fundamental de las y los\nenfermeros dada la contingencia. \u201cLa enfermer\u00eda ha tomado un papel muy\nrelevante puesto que se encuentran en todas partes, en la primera, segunda y\ntercera l\u00ednea. Son aquellas personas que dan el cuidado directo del paciente y\nson aquellas que aplican todos los medicamentos y tratamientos, siendo adem\u00e1s\nlas personas que est\u00e1n constantemente al lado del paciente\u201d. Adem\u00e1s, agradeci\u00f3\nsu dedicaci\u00f3n y vocaci\u00f3n, los que han permitido dar una eficiente gesti\u00f3n\ndentro del hospital. <\/p>\n\n\n\n<p>Por su lado la subdirectora(s) de\nGesti\u00f3n del Cuidado, la enfermera Jocelyn G\u00f3mez se\u00f1al\u00f3: \u201cSon momentos\ndif\u00edciles, pero que se trabaja con mucho cari\u00f1o en medio de la crisis, cuidando\ny procurando que la pandemia vaya en reducci\u00f3n\u201d adem\u00e1s agradeci\u00f3 a sus pares\npor dejar muchas veces de lado a sus familias por un bien mayor, que es la\nvocaci\u00f3n de servicio p\u00fablico. <\/p>\n\n\n\n<p>En la ocasi\u00f3n Mauricio Flores Vargas,\npresidente de la Asociaci\u00f3n de Enfermeros\/as del Hospital de Natales valor\u00f3 el\nreconocimiento de la ciudadan\u00eda hacia la profesi\u00f3n. \u201cEstoy muy contento y\norgulloso de cada uno de mis colegas por el trabajo que hacen. Los ciudadanos\ncon el tema de la pandemia han reconocido la profesi\u00f3n, y se siente protegidos\npor nosotros\u201d, explic\u00f3.<\/p>\n\n\n\n<p>Cabe se\u00f1alar que este d\u00eda se celebra en\nhonor al d\u00eda del nacimiento de Florence Nightingale, quien es considerada la\ncreadora de la carrera de enfermer\u00eda profesional, adem\u00e1s la Organizaci\u00f3n\nMundial de la Salud ha declarado el 2020 como el A\u00f1o Internacional de la\nEnfermera y la Matrona. As\u00ed, las naciones del mundo rinden un merecido homenaje\na los profesionales que tanto contribuyen a la salud en todo del mundo desde el\n\u00e1mbito asistencial, pero tambi\u00e9n en distintos frentes como la investigaci\u00f3n, la\neducaci\u00f3n para la salud o la docencia.<\/p>\n","protected":false},"excerpt":{"rendered":"<p>En el auditorio del Hospital Dr. Augusto Essmann Burgos, se realiz\u00f3 una ceremonia de reconocimiento y agradecimiento a la labor de las enfermeras y los enfermeros al celebrarse como cada&#8230; <a class=\"read-more\" href=\"https:\/\/www.radiopresidenteibanez.cl\/web\/con-una-significativa-ceremonia-el-hospital-dr-augusto-essmann-burgos-celebro-el-dia-internacional-de-la-enfermeria\/\">Leer m\u00e1s<\/a><\/p>\n","protected":false},"author":2,"featured_media":11885,"comment_status":"closed","ping_status":"closed","sticky":false,"template":"","format":"standard","meta":{"footnotes":""},"categories":[1],"tags":[],"class_list":["post-11884","post","type-post","status-publish","format-standard","has-post-thumbnail","hentry","category-cronica"],"_links":{"self":[{"href":"https:\/\/www.radiopresidenteibanez.cl\/web\/wp-json\/wp\/v2\/posts\/11884","targetHints":{"allow":["GET"]}}],"collection":[{"href":"https:\/\/www.radiopresidenteibanez.cl\/web\/wp-json\/wp\/v2\/posts"}],"about":[{"href":"https:\/\/www.radiopresidenteibanez.cl\/web\/wp-json\/wp\/v2\/types\/post"}],"author":[{"embeddable":true,"href":"https:\/\/www.radiopresidenteibanez.cl\/web\/wp-json\/wp\/v2\/users\/2"}],"replies":[{"embeddable":true,"href":"https:\/\/www.radiopresidenteibanez.cl\/web\/wp-json\/wp\/v2\/comments?post=11884"}],"version-history":[{"count":0,"href":"https:\/\/www.radiopresidenteibanez.cl\/web\/wp-json\/wp\/v2\/posts\/11884\/revisions"}],"wp:featuredmedia":[{"embeddable":true,"href":"https:\/\/www.radiopresidenteibanez.cl\/web\/wp-json\/wp\/v2\/media\/11885"}],"wp:attachment":[{"href":"https:\/\/www.radiopresidenteibanez.cl\/web\/wp-json\/wp\/v2\/media?parent=11884"}],"wp:term":[{"taxonomy":"category","embeddable":true,"href":"https:\/\/www.radiopresidenteibanez.cl\/web\/wp-json\/wp\/v2\/categories?post=11884"},{"taxonomy":"post_tag","embeddable":true,"href":"https:\/\/www.radiopresidenteibanez.cl\/web\/wp-json\/wp\/v2\/tags?post=11884"}],"curies":[{"name":"wp","href":"https:\/\/api.w.org\/{rel}","templated":true}]}}