{"id":11881,"date":"2020-05-13T13:07:29","date_gmt":"2020-05-13T13:07:29","guid":{"rendered":"https:\/\/www.radiopresidenteibanez.cl\/web\/?p=11881"},"modified":"2020-05-13T13:07:33","modified_gmt":"2020-05-13T13:07:33","slug":"seremi-del-medio-ambiente-comenzara-ciclo-de-charlas-sobre-educacion-reciclaje-y-biodiversidad","status":"publish","type":"post","link":"https:\/\/www.radiopresidenteibanez.cl\/web\/seremi-del-medio-ambiente-comenzara-ciclo-de-charlas-sobre-educacion-reciclaje-y-biodiversidad\/","title":{"rendered":"SEREMI DEL MEDIO AMBIENTE COMENZARA\u0301 CICLO DE CHARLAS SOBRE EDUCACIO\u0301N, RECICLAJE Y BIODIVERSIDAD"},"content":{"rendered":"\n<p>Este viernes 15 de mayo comienza un ciclo de charlas y conversaciones sobre\nMedio Ambiente, organizadas por la Seremi del Medio Ambiente de la Regi\u00f3n de\nMagallanes y de la Ant\u00e1rtica Chilena. La actividad fue creada con el objetivo\nacercar las tem\u00e1ticas medioambientales a la comunidad y aprovechar las redes\nsociales como una herramienta de Educaci\u00f3n Ambiental.<\/p>\n\n\n\n<p>El Seremi Eduardo Schiappacasse, explic\u00f3 que \u201cestos ciclos de\nconversaciones nacen para acercarnos a la comunidad y hablar sobre temas\nmedioambientales que sabemos que despiertan un especial inter\u00e9s en los\nmagall\u00e1nicos. Considerando los ejes prioritarios del Ministerio del Medio\nAmbiente se han desarrollado cinco conversaciones para ver en familia y\naprender sobre Cambio Clim\u00e1tico, Vermicompostaje, Conservaci\u00f3n Marina y Gesti\u00f3n\nde Residuos\u201d.<\/p>\n\n\n\n<p>El ciclo comenzar\u00e1 este viernes a las 17:00 hrs. con el primer episodio de\n\u201cEl Lenguaje de la Tierra: hablemos de Educaci\u00f3n Ambiental y otros saberes\u201d\njunto a Jos\u00e9 Adolfo Quisocala Condori, adolescente peruano de 15 a\u00f1os, fundador\ndel Primer Banco Cooperativo para ni\u00f1os y j\u00f3venes donde se incentiva la\nEducaci\u00f3n Financiera, el Emprendimiento y la Gesti\u00f3n Ambiental.<\/p>\n\n\n\n<p>Los viernes siguientes, el ciclo comenzar\u00e1 a las 15:00 hrs. La comunidad\npodr\u00e1 conversar con funcionarios de la Seremi del Medio Ambiente sobre Cambio\nClim\u00e1tico, Vermicompostaje, Conservaci\u00f3n Marina y Gesti\u00f3n de Residuos. Los\nparticipantes deben inscribirse en el correo electr\u00f3nico <a href=\"mailto:gmunoz@mma.gob.cl\">gmunoz@mma.gob.cl<\/a>.<\/p>\n","protected":false},"excerpt":{"rendered":"<p>Este viernes 15 de mayo comienza un ciclo de charlas y conversaciones sobre Medio Ambiente, organizadas por la Seremi del Medio Ambiente de la Regi\u00f3n de Magallanes y de la&#8230; <a class=\"read-more\" href=\"https:\/\/www.radiopresidenteibanez.cl\/web\/seremi-del-medio-ambiente-comenzara-ciclo-de-charlas-sobre-educacion-reciclaje-y-biodiversidad\/\">Leer m\u00e1s<\/a><\/p>\n","protected":false},"author":2,"featured_media":11882,"comment_status":"closed","ping_status":"closed","sticky":false,"template":"","format":"standard","meta":{"footnotes":""},"categories":[1],"tags":[],"class_list":["post-11881","post","type-post","status-publish","format-standard","has-post-thumbnail","hentry","category-cronica"],"_links":{"self":[{"href":"https:\/\/www.radiopresidenteibanez.cl\/web\/wp-json\/wp\/v2\/posts\/11881","targetHints":{"allow":["GET"]}}],"collection":[{"href":"https:\/\/www.radiopresidenteibanez.cl\/web\/wp-json\/wp\/v2\/posts"}],"about":[{"href":"https:\/\/www.radiopresidenteibanez.cl\/web\/wp-json\/wp\/v2\/types\/post"}],"author":[{"embeddable":true,"href":"https:\/\/www.radiopresidenteibanez.cl\/web\/wp-json\/wp\/v2\/users\/2"}],"replies":[{"embeddable":true,"href":"https:\/\/www.radiopresidenteibanez.cl\/web\/wp-json\/wp\/v2\/comments?post=11881"}],"version-history":[{"count":0,"href":"https:\/\/www.radiopresidenteibanez.cl\/web\/wp-json\/wp\/v2\/posts\/11881\/revisions"}],"wp:featuredmedia":[{"embeddable":true,"href":"https:\/\/www.radiopresidenteibanez.cl\/web\/wp-json\/wp\/v2\/media\/11882"}],"wp:attachment":[{"href":"https:\/\/www.radiopresidenteibanez.cl\/web\/wp-json\/wp\/v2\/media?parent=11881"}],"wp:term":[{"taxonomy":"category","embeddable":true,"href":"https:\/\/www.radiopresidenteibanez.cl\/web\/wp-json\/wp\/v2\/categories?post=11881"},{"taxonomy":"post_tag","embeddable":true,"href":"https:\/\/www.radiopresidenteibanez.cl\/web\/wp-json\/wp\/v2\/tags?post=11881"}],"curies":[{"name":"wp","href":"https:\/\/api.w.org\/{rel}","templated":true}]}}