{"id":11879,"date":"2020-05-13T13:05:06","date_gmt":"2020-05-13T13:05:06","guid":{"rendered":"https:\/\/www.radiopresidenteibanez.cl\/web\/?p=11879"},"modified":"2020-05-13T13:05:10","modified_gmt":"2020-05-13T13:05:10","slug":"se-abre-xv-concurso-del-fondo-de-educacion-previsional-fep","status":"publish","type":"post","link":"https:\/\/www.radiopresidenteibanez.cl\/web\/se-abre-xv-concurso-del-fondo-de-educacion-previsional-fep\/","title":{"rendered":"SE ABRE XV CONCURSO DEL FONDO DE EDUCACI\u00d3N PREVISIONAL (FEP)"},"content":{"rendered":"\n<p>Esta semana el sitio web institucional de la subsecretar\u00eda de\nPrevisi\u00f3n Social public\u00f3 las bases de una nueva versi\u00f3n del Concurso del Fondo\npara la Educaci\u00f3n Previsional (FEP) 2020, ello luego de la cancelaci\u00f3n de la\nanterior versi\u00f3n del concurso producto de la emergencia sanitaria.<\/p>\n\n\n\n<p>As\u00ed lo dio a conocer esta ma\u00f1ana la Seremi del Trabajo y\nPrevisi\u00f3n Social, Victoria Cort\u00e9s Schiattino, informando que, debido a la\npandemia, la orientaci\u00f3n y enfoque de esta XV versi\u00f3n del concurso tambi\u00e9n ser\u00e1\ndiferente a fin de evitar los riesgos sanitarios.<\/p>\n\n\n\n<p>\u201cEfectivamente, el pasado 8 de mayo se dieron a conocer las\nbases de este nuevo FEP 2020 que a diferencia del concurso anterior,\nconsiderar\u00e1 financiar proyectos en un solo \u00e1mbito de intervenci\u00f3n que ser\u00e1 de\ndifusi\u00f3n del sistema previsional. Las iniciativas de este tipo de proyectos se\nefect\u00faan a trav\u00e9s de soportes comunicacionales como el audiovisual, radial,\ndigital y papel, reduciendo al m\u00ednimo las actividades presenciales de\nbeneficiarios, dado el actual escenario.\u201d, expres\u00f3 Cort\u00e9s.<\/p>\n\n\n\n<p>La idea, por un lado, es cumplir con los objetivos de este\ncertamen, que busca que las personas est\u00e9n informadas sobre sus derechos\nprevisionales y, por otro, reducir los riesgos de contagio por Covid19 que\nafecta al pa\u00eds.<\/p>\n\n\n\n<p>\u201cQuienes concursen con sus proyectos podr\u00e1n postular a montos\nque van entre los $40.000.000 y los $50.000.000. Pueden acceder personas\nnaturales o jur\u00eddicas, con o sin fines de lucro, cuya finalidad y actividades o\nservicios est\u00e9n relacionadas al \u00e1mbito de intervenci\u00f3n se\u00f1alado. La postulaci\u00f3n\ninicia el pr\u00f3ximo 22 de abril y concluye a las 13 horas del d\u00eda 8 de mayo para\niniciativas presentadas en soporte papel y hasta las 13 horas del d\u00eda 12 de\njunio para la postulaci\u00f3n v\u00eda online\u201d, agreg\u00f3 la secretaria regional.<\/p>\n\n\n\n<p>El monto total disponible para asignar en esta decimoquinta\nversi\u00f3n del Concurso del Fondo para la Educaci\u00f3n Previsional es de $800.000.000 (ochocientos millones de pesos).<\/p>\n\n\n\n<p>Los proyectos tendr\u00e1n un plazo de ejecuci\u00f3n&nbsp;de un m\u00ednimo de 3 meses y un m\u00e1ximo de 4\nmeses y los postulantes que concurran a esta convocatoria\npodr\u00e1n&nbsp;presentar s\u00f3lo un proyecto.<\/p>\n\n\n\n<p>Adem\u00e1s, se definieron los siguientes grupos objetivos, con la\nposibilidad de&nbsp;seleccionar un m\u00e1ximo de dos grupos para intervenir en el\nproyecto.<\/p>\n\n\n\n<ol class=\"wp-block-list\"><li>J\u00f3venes de entre 17 y 35 a\u00f1os.<\/li><li>Trabajadores de entre 36 y 54\n     a\u00f1os.<\/li><li>Pre pensionados de entre 55 y 65\n     a\u00f1os.<\/li><li>Trabajadores independientes que emiten boletas de honorarios,\n     de cualquier edad, que requieran conocer los alcances de la Ley 21.133,\n     sobre la mec\u00e1nica y gradualidad para la incorporaci\u00f3n de esos trabajadores\n     a la obligaci\u00f3n de cotizar para los reg\u00edmenes previsionales.<\/li><\/ol>\n\n\n\n<p>Para conocer las Bases en detalles y mayor\ninformaci\u00f3n del concurso, la autoridad invit\u00f3 a los interesados a ingresar al\nsitio de la subsecretar\u00eda de Previsi\u00f3n Social en <a href=\"http:\/\/www.previsionsocial.gob.cl\">www.previsionsocial.gob.cl<\/a>. &nbsp;<\/p>\n","protected":false},"excerpt":{"rendered":"<p>Esta semana el sitio web institucional de la subsecretar\u00eda de Previsi\u00f3n Social public\u00f3 las bases de una nueva versi\u00f3n del Concurso del Fondo para la Educaci\u00f3n Previsional (FEP) 2020, ello&#8230; <a class=\"read-more\" href=\"https:\/\/www.radiopresidenteibanez.cl\/web\/se-abre-xv-concurso-del-fondo-de-educacion-previsional-fep\/\">Leer m\u00e1s<\/a><\/p>\n","protected":false},"author":2,"featured_media":11286,"comment_status":"closed","ping_status":"closed","sticky":false,"template":"","format":"standard","meta":{"footnotes":""},"categories":[1],"tags":[],"class_list":["post-11879","post","type-post","status-publish","format-standard","has-post-thumbnail","hentry","category-cronica"],"_links":{"self":[{"href":"https:\/\/www.radiopresidenteibanez.cl\/web\/wp-json\/wp\/v2\/posts\/11879","targetHints":{"allow":["GET"]}}],"collection":[{"href":"https:\/\/www.radiopresidenteibanez.cl\/web\/wp-json\/wp\/v2\/posts"}],"about":[{"href":"https:\/\/www.radiopresidenteibanez.cl\/web\/wp-json\/wp\/v2\/types\/post"}],"author":[{"embeddable":true,"href":"https:\/\/www.radiopresidenteibanez.cl\/web\/wp-json\/wp\/v2\/users\/2"}],"replies":[{"embeddable":true,"href":"https:\/\/www.radiopresidenteibanez.cl\/web\/wp-json\/wp\/v2\/comments?post=11879"}],"version-history":[{"count":0,"href":"https:\/\/www.radiopresidenteibanez.cl\/web\/wp-json\/wp\/v2\/posts\/11879\/revisions"}],"wp:featuredmedia":[{"embeddable":true,"href":"https:\/\/www.radiopresidenteibanez.cl\/web\/wp-json\/wp\/v2\/media\/11286"}],"wp:attachment":[{"href":"https:\/\/www.radiopresidenteibanez.cl\/web\/wp-json\/wp\/v2\/media?parent=11879"}],"wp:term":[{"taxonomy":"category","embeddable":true,"href":"https:\/\/www.radiopresidenteibanez.cl\/web\/wp-json\/wp\/v2\/categories?post=11879"},{"taxonomy":"post_tag","embeddable":true,"href":"https:\/\/www.radiopresidenteibanez.cl\/web\/wp-json\/wp\/v2\/tags?post=11879"}],"curies":[{"name":"wp","href":"https:\/\/api.w.org\/{rel}","templated":true}]}}