{"id":11863,"date":"2020-05-12T18:29:53","date_gmt":"2020-05-12T18:29:53","guid":{"rendered":"https:\/\/www.radiopresidenteibanez.cl\/web\/?p=11863"},"modified":"2020-05-12T18:29:57","modified_gmt":"2020-05-12T18:29:57","slug":"gobernador-raul-suazo-junto-a-anef-visitan-distintos-servicios-publicos-de-la-provincia-para-comprobar-su-funcionamiento","status":"publish","type":"post","link":"https:\/\/www.radiopresidenteibanez.cl\/web\/gobernador-raul-suazo-junto-a-anef-visitan-distintos-servicios-publicos-de-la-provincia-para-comprobar-su-funcionamiento\/","title":{"rendered":"GOBERNADOR RA\u00daL SUAZO JUNTO A ANEF VISITAN DISTINTOS SERVICIOS P\u00daBLICOS DE LA PROVINCIA PARA COMPROBAR SU FUNCIONAMIENTO"},"content":{"rendered":"\n<p>Todo surgi\u00f3 a partir de una\nreuni\u00f3n que sostuvo el gobernador Ra\u00fal Suazo con distintos gremios del sector\np\u00fablico entre los que se encontraba la Anef, en la cita se trat\u00f3\nfundamentalmente el tema del funcionamiento de servicios p\u00fablicos de la\nprovincia en relaci\u00f3n a la pandemia del Coronavirus y las medidas de seguridad\nb\u00e1sicas que se deben tener para evitar situaciones de contagio.<\/p>\n\n\n\n<p>Dentro de los compromisos\nadquiridos, estaba la visita por parte del gobernador Suazo en compa\u00f1\u00eda del\npresidente provincial de la Anef, Alejandro C\u00e1ceres a corroborar en terreno\nc\u00f3mo estaban operando los distintos servicios p\u00fablicos de la provincia, por tal\nraz\u00f3n se decidi\u00f3 visitar el Registro Civil de Puerto Natales y posteriormente\nel IPS Chile Atiende, d\u00edas despu\u00e9s el Hospital Dr. Augusto Essmann Burgos, la\nTesorer\u00eda General de la Rep\u00fablica y las dependencias de Vialidad.<\/p>\n\n\n\n<p>En relaci\u00f3n a estas\nvisitas, el gobernador Suazo se\u00f1al\u00f3 que \u201cestamos en el contexto de diversas\nvisitas que tienen que ver con una mesa de trabajo, que fue una iniciativa que\nnaci\u00f3 desde la misma gente de la Anef, en donde nos fuimos reuniendo durante un\npar de semanas para ir coordinando visitas a distintos servicios p\u00fablicos de\nnuestra provincia y poder ir evaluando c\u00f3mo est\u00e1n funcionando, adem\u00e1s de saber\nsi se cuenta con los elementos de protecci\u00f3n personal que puedan proteger tanto\nal funcionario como a quien asiste a los servicios\u201d. <\/p>\n\n\n\n<p>Por su parte,\nAlejandro C\u00e1ceres destac\u00f3 el poder realizar estas visitas, ya que sirven para\ntener una noci\u00f3n verdadera de lo que est\u00e1 sucediendo, \u201chan sido recorridos\nbastante buenos, hemos pasado por varios servicios junto al se\u00f1or gobernador\nquien acogi\u00f3 nuestra solicitud, ya que es muy importante poder recorrer in situ\nlos diferentes servicios p\u00fablicos porque creo que es la mejor forma de ver a\nlos trabajadores y ver la realidad que se da en sus lugares de trabajo\u201d, se\u00f1al\u00f3.\n<\/p>\n\n\n\n<p>En cuanto a\nlo que se pudo constatar, el gobernador Suazo coment\u00f3 que \u201cel funcionamiento ha\nestado bien, hay servicios que han implementado algunas medidas como las micas\nen los mesones de atenci\u00f3n, las mascarillas, el alcohol gel, delimitar las\ndistancias, instalaci\u00f3n de se\u00f1al\u00e9tica, etc., esto es sumamente importante\nporque la l\u00f3gica es cuidarnos entre todos\u201d.<\/p>\n\n\n\n<p>En tanto,\nC\u00e1ceres valor\u00f3 el hecho de poder contar con las autoridades, al respecto\ncoment\u00f3 que \u201ccuando hay voluntades por parte del Municipio, del se\u00f1or\ngobernador, de los trabajadores, esto funciona y eso demuestra que tenemos la\ncapacidad de trabajar en conjunto\u201d.<\/p>\n\n\n\n<p>Finalmente, y\ndebido a la buena acogida que ha tenido el realizar estos recorridos, se planea\ncontinuar visitando otros servicios p\u00fablicos presentes en la provincia con el\nobjetivo de constatar que todas las medidas preventivas se est\u00e9n cumpliendo\npara as\u00ed afrontar de la mejor manera posible el Covid-19.<\/p>\n","protected":false},"excerpt":{"rendered":"<p>Todo surgi\u00f3 a partir de una reuni\u00f3n que sostuvo el gobernador Ra\u00fal Suazo con distintos gremios del sector p\u00fablico entre los que se encontraba la Anef, en la cita se&#8230; <a class=\"read-more\" href=\"https:\/\/www.radiopresidenteibanez.cl\/web\/gobernador-raul-suazo-junto-a-anef-visitan-distintos-servicios-publicos-de-la-provincia-para-comprobar-su-funcionamiento\/\">Leer m\u00e1s<\/a><\/p>\n","protected":false},"author":2,"featured_media":11864,"comment_status":"closed","ping_status":"closed","sticky":false,"template":"","format":"standard","meta":{"footnotes":""},"categories":[1],"tags":[],"class_list":["post-11863","post","type-post","status-publish","format-standard","has-post-thumbnail","hentry","category-cronica"],"_links":{"self":[{"href":"https:\/\/www.radiopresidenteibanez.cl\/web\/wp-json\/wp\/v2\/posts\/11863","targetHints":{"allow":["GET"]}}],"collection":[{"href":"https:\/\/www.radiopresidenteibanez.cl\/web\/wp-json\/wp\/v2\/posts"}],"about":[{"href":"https:\/\/www.radiopresidenteibanez.cl\/web\/wp-json\/wp\/v2\/types\/post"}],"author":[{"embeddable":true,"href":"https:\/\/www.radiopresidenteibanez.cl\/web\/wp-json\/wp\/v2\/users\/2"}],"replies":[{"embeddable":true,"href":"https:\/\/www.radiopresidenteibanez.cl\/web\/wp-json\/wp\/v2\/comments?post=11863"}],"version-history":[{"count":0,"href":"https:\/\/www.radiopresidenteibanez.cl\/web\/wp-json\/wp\/v2\/posts\/11863\/revisions"}],"wp:featuredmedia":[{"embeddable":true,"href":"https:\/\/www.radiopresidenteibanez.cl\/web\/wp-json\/wp\/v2\/media\/11864"}],"wp:attachment":[{"href":"https:\/\/www.radiopresidenteibanez.cl\/web\/wp-json\/wp\/v2\/media?parent=11863"}],"wp:term":[{"taxonomy":"category","embeddable":true,"href":"https:\/\/www.radiopresidenteibanez.cl\/web\/wp-json\/wp\/v2\/categories?post=11863"},{"taxonomy":"post_tag","embeddable":true,"href":"https:\/\/www.radiopresidenteibanez.cl\/web\/wp-json\/wp\/v2\/tags?post=11863"}],"curies":[{"name":"wp","href":"https:\/\/api.w.org\/{rel}","templated":true}]}}