{"id":11860,"date":"2020-05-12T18:26:46","date_gmt":"2020-05-12T18:26:46","guid":{"rendered":"https:\/\/www.radiopresidenteibanez.cl\/web\/?p=11860"},"modified":"2020-05-12T18:26:50","modified_gmt":"2020-05-12T18:26:50","slug":"se-dio-inicio-a-la-ruta-protegida-para-ayudar-a-personas-en-situacion-de-calle-en-puerto-natales","status":"publish","type":"post","link":"https:\/\/www.radiopresidenteibanez.cl\/web\/se-dio-inicio-a-la-ruta-protegida-para-ayudar-a-personas-en-situacion-de-calle-en-puerto-natales\/","title":{"rendered":"SE DIO INICIO A LA \u201cRUTA PROTEGIDA\u201d PARA AYUDAR A PERSONAS EN SITUACI\u00d3N DE CALLE EN PUERTO NATALES"},"content":{"rendered":"\n<p>Comienza\npaulatinamente a bajar la temperatura y sumado a esto, estamos pasando por\nmomentos complejos asociados a la situaci\u00f3n del Coronavirus, vi\u00e9ndose afectadas\ntransversalmente todas las personas, especialmente las que componen los grupos\nde riesgo, tales como adultos mayores, gente con enfermedades cr\u00f3nicas y\npersonas en situaci\u00f3n de calle.<\/p>\n\n\n\n<p>Por lo\nanterior, y como medida para afrontar este proceso, fue que en la provincia de\n\u00daltima Esperanza se dio inicio a la Ruta Protegida, un programa cuyo objetivo se\ncentra en poder entregarles kits de alimentos y de aseo personal a personas que\nse encuentran en situaci\u00f3n de calle. Este programa est\u00e1 siendo ejecutado por\nCarabineros de Chile en conjunto con la Gobernaci\u00f3n de \u00daltima Esperanza y la\nSerem\u00eda de Desarrollo Social y Familia.<\/p>\n\n\n\n<p>Sobre la puesta en marcha\nde la Ruta Protegida, el gobernador Ra\u00fal Suazo se\u00f1al\u00f3 que \u201ccomo Gobernaci\u00f3n\nProvincial, estamos muy comprometidos con participar de este tipo de\niniciativas, que en este caso estamos desarrollando junto a Carabineros y la\nSeremi de Desarrollo Social, ya que no podemos olvidarnos de las personas que\nse encuentran en situaci\u00f3n de calle, por eso es que en esta ocasi\u00f3n se est\u00e1\nhaciendo entrega de estos elementos que ciertamente les van a ser de mucha a ayuda\u201d.\n<\/p>\n\n\n\n<p>Adem\u00e1s de\neste programa, desde hace algunas semanas se implement\u00f3 en Natales el\n\u201cAlbergue\u201d, el cual es ejecutado por el Municipio y cuya funci\u00f3n es brindar\nalimentaci\u00f3n y techo durante las noches a personas que no tengan la opci\u00f3n de\noptar a esto o que se encuentren en situaci\u00f3n de calle. Tanto el Albergue como\nla Ruta Protegida son dos programas del Plan de Invierno 2020 que se est\u00e1\nllevando a cabo en la provincia de \u00daltima Esperanza.<\/p>\n\n\n\n<p>Por su parte,\nel encargado del Sistema de Protecci\u00f3n Social de la Gobernaci\u00f3n Provincial,\nNicol\u00e1s P\u00e9rez Mansilla, ha sido parte activa de la realizaci\u00f3n de este\nprograma, por ello destac\u00f3 que \u201cla Ruta Protegida tambi\u00e9n tiene por objetivo\norientar a las personas a las que nos acercamos sobre c\u00f3mo utilizar el Albergue,\nindicarles d\u00f3nde se encuentra, con qui\u00e9n tienen que comunicarse y todo lo\nrelativo al protocolo de ingreso\u201d.<\/p>\n\n\n\n<p>Finalmente,\nel gobernador Suazo se refiri\u00f3 al hecho de que a trav\u00e9s de este programa se\ndebe procurar ayudar a la gente para as\u00ed prevenir que puedan contagiarse de\nCoronavirus, \u201cmuchas de estas personas que viven en la calle son parte de\ngrupos de riesgo de Covid-19, por lo mismo, esperamos seguir colaborando con\nCarabineros a trav\u00e9s de este programa de Ruta Protegida para poder ayudar a\ntoda esta gente y por supuesto, para evitar que en alg\u00fan momento puedan\ncontagiarse de esta enfermedad que afecta al mundo\u201d, concluy\u00f3 la autoridad\nprovincial.<\/p>\n","protected":false},"excerpt":{"rendered":"<p>Comienza paulatinamente a bajar la temperatura y sumado a esto, estamos pasando por momentos complejos asociados a la situaci\u00f3n del Coronavirus, vi\u00e9ndose afectadas transversalmente todas las personas, especialmente las que&#8230; <a class=\"read-more\" href=\"https:\/\/www.radiopresidenteibanez.cl\/web\/se-dio-inicio-a-la-ruta-protegida-para-ayudar-a-personas-en-situacion-de-calle-en-puerto-natales\/\">Leer m\u00e1s<\/a><\/p>\n","protected":false},"author":2,"featured_media":11861,"comment_status":"closed","ping_status":"closed","sticky":false,"template":"","format":"standard","meta":{"footnotes":""},"categories":[1],"tags":[],"class_list":["post-11860","post","type-post","status-publish","format-standard","has-post-thumbnail","hentry","category-cronica"],"_links":{"self":[{"href":"https:\/\/www.radiopresidenteibanez.cl\/web\/wp-json\/wp\/v2\/posts\/11860","targetHints":{"allow":["GET"]}}],"collection":[{"href":"https:\/\/www.radiopresidenteibanez.cl\/web\/wp-json\/wp\/v2\/posts"}],"about":[{"href":"https:\/\/www.radiopresidenteibanez.cl\/web\/wp-json\/wp\/v2\/types\/post"}],"author":[{"embeddable":true,"href":"https:\/\/www.radiopresidenteibanez.cl\/web\/wp-json\/wp\/v2\/users\/2"}],"replies":[{"embeddable":true,"href":"https:\/\/www.radiopresidenteibanez.cl\/web\/wp-json\/wp\/v2\/comments?post=11860"}],"version-history":[{"count":0,"href":"https:\/\/www.radiopresidenteibanez.cl\/web\/wp-json\/wp\/v2\/posts\/11860\/revisions"}],"wp:featuredmedia":[{"embeddable":true,"href":"https:\/\/www.radiopresidenteibanez.cl\/web\/wp-json\/wp\/v2\/media\/11861"}],"wp:attachment":[{"href":"https:\/\/www.radiopresidenteibanez.cl\/web\/wp-json\/wp\/v2\/media?parent=11860"}],"wp:term":[{"taxonomy":"category","embeddable":true,"href":"https:\/\/www.radiopresidenteibanez.cl\/web\/wp-json\/wp\/v2\/categories?post=11860"},{"taxonomy":"post_tag","embeddable":true,"href":"https:\/\/www.radiopresidenteibanez.cl\/web\/wp-json\/wp\/v2\/tags?post=11860"}],"curies":[{"name":"wp","href":"https:\/\/api.w.org\/{rel}","templated":true}]}}