{"id":11857,"date":"2020-05-12T18:25:28","date_gmt":"2020-05-12T18:25:28","guid":{"rendered":"https:\/\/www.radiopresidenteibanez.cl\/web\/?p=11857"},"modified":"2020-05-12T18:25:32","modified_gmt":"2020-05-12T18:25:32","slug":"concejal-german-flores-solicita-elaborar-plan-especial-de-absorcion-de-cesantia-en-punta-arenas","status":"publish","type":"post","link":"https:\/\/www.radiopresidenteibanez.cl\/web\/concejal-german-flores-solicita-elaborar-plan-especial-de-absorcion-de-cesantia-en-punta-arenas\/","title":{"rendered":"CONCEJAL GERMAN FLORES SOLICITA ELABORAR PLAN ESPECIAL DE ABSORCI\u00d3N DE CESANT\u00cdA EN PUNTA ARENAS"},"content":{"rendered":"\n<p>Mediante\noficio remitido al alcalde de la comuna y ante la cr\u00edtica situaci\u00f3n que hoy enfrentan\ncientos de familias a ra\u00edz de la pandemia covid19, lo que ha significado\np\u00e9rdida de numerosos empleos y por ende una crisis econ\u00f3mica en las familias\nafectadas, es que el concejal Germ\u00e1n Flores solicit\u00f3 que se elabore un Plan\nEspecial de Absorci\u00f3n de Cesant\u00eda Comunal en Punta Arenas, que permita entregar\ntrabajo a quienes perdieron su fuentes labora<\/p>\n\n\n\n<p>\u201cConocemos\ndel esfuerzo que como municipalidad hemos estado desarrollando desde el primer\nmomento, tanto con nuestros funcionarios, como a su vez como concejo, lo que ha\npermitido ir en ayuda social de emergencia en primera instancia con la entrega\nde canastas familiares, bono de arriendos, pago de consumos, entre otra ayuda\u201d,\nse\u00f1al\u00f3 el concejal.<\/p>\n\n\n\n<p>Pero\nsi duda agreg\u00f3 Germ\u00e1n Flores, sabemos que todos los esfuerzos que hagamos no\nser\u00e1 suficiente durante este tiempo, \u201ces por ello que sugiero la elaboraci\u00f3n y\nla b\u00fasqueda de recursos para poner en marcha un plan comunal especial para\nabsorber mano de obra, con labores teles como, por ejemplo, conservaci\u00f3n y\nmantenimiento; trabajos de pinturas; desmalezados en sectores poblacionales; mantenci\u00f3n\ny limpiezas de parques, plazas y plazoletas, entre otras obras\u201d, expres\u00f3.<\/p>\n\n\n\n<p>\u201cNuestra\nayuda hoy est\u00e1 destinada al \u00e1mbito social y claramente es por un tiempo acotado\nde tres meses, pero la gente que qued\u00f3 cesante necesita generar recursos y si\nnosotros logramos elaborar una cartera de proyectos, podemos hacer menos pesada\nla crisis que ellos est\u00e1n viviendo y vivir\u00e1n en los pr\u00f3ximos meses\u201d, concluy\u00f3\nel concejal Germ\u00e1n Flores.<\/p>\n","protected":false},"excerpt":{"rendered":"<p>Mediante oficio remitido al alcalde de la comuna y ante la cr\u00edtica situaci\u00f3n que hoy enfrentan cientos de familias a ra\u00edz de la pandemia covid19, lo que ha significado p\u00e9rdida&#8230; <a class=\"read-more\" href=\"https:\/\/www.radiopresidenteibanez.cl\/web\/concejal-german-flores-solicita-elaborar-plan-especial-de-absorcion-de-cesantia-en-punta-arenas\/\">Leer m\u00e1s<\/a><\/p>\n","protected":false},"author":2,"featured_media":11858,"comment_status":"closed","ping_status":"closed","sticky":false,"template":"","format":"standard","meta":{"footnotes":""},"categories":[1],"tags":[],"class_list":["post-11857","post","type-post","status-publish","format-standard","has-post-thumbnail","hentry","category-cronica"],"_links":{"self":[{"href":"https:\/\/www.radiopresidenteibanez.cl\/web\/wp-json\/wp\/v2\/posts\/11857","targetHints":{"allow":["GET"]}}],"collection":[{"href":"https:\/\/www.radiopresidenteibanez.cl\/web\/wp-json\/wp\/v2\/posts"}],"about":[{"href":"https:\/\/www.radiopresidenteibanez.cl\/web\/wp-json\/wp\/v2\/types\/post"}],"author":[{"embeddable":true,"href":"https:\/\/www.radiopresidenteibanez.cl\/web\/wp-json\/wp\/v2\/users\/2"}],"replies":[{"embeddable":true,"href":"https:\/\/www.radiopresidenteibanez.cl\/web\/wp-json\/wp\/v2\/comments?post=11857"}],"version-history":[{"count":0,"href":"https:\/\/www.radiopresidenteibanez.cl\/web\/wp-json\/wp\/v2\/posts\/11857\/revisions"}],"wp:featuredmedia":[{"embeddable":true,"href":"https:\/\/www.radiopresidenteibanez.cl\/web\/wp-json\/wp\/v2\/media\/11858"}],"wp:attachment":[{"href":"https:\/\/www.radiopresidenteibanez.cl\/web\/wp-json\/wp\/v2\/media?parent=11857"}],"wp:term":[{"taxonomy":"category","embeddable":true,"href":"https:\/\/www.radiopresidenteibanez.cl\/web\/wp-json\/wp\/v2\/categories?post=11857"},{"taxonomy":"post_tag","embeddable":true,"href":"https:\/\/www.radiopresidenteibanez.cl\/web\/wp-json\/wp\/v2\/tags?post=11857"}],"curies":[{"name":"wp","href":"https:\/\/api.w.org\/{rel}","templated":true}]}}