{"id":11854,"date":"2020-05-12T17:16:57","date_gmt":"2020-05-12T17:16:57","guid":{"rendered":"https:\/\/www.radiopresidenteibanez.cl\/web\/?p=11854"},"modified":"2020-05-12T17:17:02","modified_gmt":"2020-05-12T17:17:02","slug":"presidente-achm-los-alcaldes-entendemos-que-el-retorno-seguro-a-clases-quedara-para-el-segundo-semestre","status":"publish","type":"post","link":"https:\/\/www.radiopresidenteibanez.cl\/web\/presidente-achm-los-alcaldes-entendemos-que-el-retorno-seguro-a-clases-quedara-para-el-segundo-semestre\/","title":{"rendered":"PRESIDENTE ACHM: \u201cLOS ALCALDES ENTENDEMOS QUE EL RETORNO SEGURO A CLASES QUEDAR\u00c1 PARA EL SEGUNDO SEMESTRE\u201d"},"content":{"rendered":"\n<p>El presidente de la Asociaci\u00f3n Chilena de\nMunicipalidades (AChM), alcalde de Natales, Fernando Paredes se ha reunido con alcaldes\nde varias regiones del pa\u00eds, donde entre diversos temas el retorno seguro a\nclases presencial, es prioritario para los jefes comunales de todo el pa\u00eds.<\/p>\n\n\n\n<p>Sobre las declaraciones del Ministro de Educaci\u00f3n,\nRa\u00fal Figueroa, quien se\u00f1al\u00f3 que \u201cno hay fecha de retorno a clases mientras no\nhaya condiciones sanitarias\u201d, el Presidente de la AChM, indic\u00f3 que \u201cen esa\nmateria hay una sola conclusi\u00f3n, que la mayor\u00eda de los alcaldes entendemos que\nel retorno seguro a clases quedar\u00e1 para el segundo semestre, dependiendo de la\nevoluci\u00f3n de la emergencia sanitaria\u201d.<\/p>\n\n\n\n<p>Al respecto, el alcalde Paredes puntualiz\u00f3 que\n\u201chemos recabado de parte de todos los alcaldes, la voluntad de trabajar en un\nplan de retorno seguro, pero necesario que existan las certezas, respecto del financiamiento\npara poder cumplir con todas las exigencias sanitarias que ser\u00e1n impuestas a\ntodos los colegios una vez retomadas las clases presenciales\u201d.<\/p>\n\n\n\n<p>Los municipios a\u00fan son los sostenedores de la\nmayor\u00eda de los colegios p\u00fablicos en nuestro pa\u00eds y est\u00e1n llamados a velar por\nla educaci\u00f3n y salud de los vecinos de sus respectivas comunas, por lo que la\nmayor\u00eda ha expresado su preocupaci\u00f3n por un aporte estatal a lo que ser\u00e1 un\nretorno seguro a las clases presenciales.<\/p>\n","protected":false},"excerpt":{"rendered":"<p>El presidente de la Asociaci\u00f3n Chilena de Municipalidades (AChM), alcalde de Natales, Fernando Paredes se ha reunido con alcaldes de varias regiones del pa\u00eds, donde entre diversos temas el retorno&#8230; <a class=\"read-more\" href=\"https:\/\/www.radiopresidenteibanez.cl\/web\/presidente-achm-los-alcaldes-entendemos-que-el-retorno-seguro-a-clases-quedara-para-el-segundo-semestre\/\">Leer m\u00e1s<\/a><\/p>\n","protected":false},"author":2,"featured_media":10592,"comment_status":"closed","ping_status":"closed","sticky":false,"template":"","format":"standard","meta":{"footnotes":""},"categories":[1],"tags":[],"class_list":["post-11854","post","type-post","status-publish","format-standard","has-post-thumbnail","hentry","category-cronica"],"_links":{"self":[{"href":"https:\/\/www.radiopresidenteibanez.cl\/web\/wp-json\/wp\/v2\/posts\/11854","targetHints":{"allow":["GET"]}}],"collection":[{"href":"https:\/\/www.radiopresidenteibanez.cl\/web\/wp-json\/wp\/v2\/posts"}],"about":[{"href":"https:\/\/www.radiopresidenteibanez.cl\/web\/wp-json\/wp\/v2\/types\/post"}],"author":[{"embeddable":true,"href":"https:\/\/www.radiopresidenteibanez.cl\/web\/wp-json\/wp\/v2\/users\/2"}],"replies":[{"embeddable":true,"href":"https:\/\/www.radiopresidenteibanez.cl\/web\/wp-json\/wp\/v2\/comments?post=11854"}],"version-history":[{"count":0,"href":"https:\/\/www.radiopresidenteibanez.cl\/web\/wp-json\/wp\/v2\/posts\/11854\/revisions"}],"wp:featuredmedia":[{"embeddable":true,"href":"https:\/\/www.radiopresidenteibanez.cl\/web\/wp-json\/wp\/v2\/media\/10592"}],"wp:attachment":[{"href":"https:\/\/www.radiopresidenteibanez.cl\/web\/wp-json\/wp\/v2\/media?parent=11854"}],"wp:term":[{"taxonomy":"category","embeddable":true,"href":"https:\/\/www.radiopresidenteibanez.cl\/web\/wp-json\/wp\/v2\/categories?post=11854"},{"taxonomy":"post_tag","embeddable":true,"href":"https:\/\/www.radiopresidenteibanez.cl\/web\/wp-json\/wp\/v2\/tags?post=11854"}],"curies":[{"name":"wp","href":"https:\/\/api.w.org\/{rel}","templated":true}]}}