{"id":11850,"date":"2020-05-12T15:00:15","date_gmt":"2020-05-12T15:00:15","guid":{"rendered":"https:\/\/www.radiopresidenteibanez.cl\/web\/?p=11850"},"modified":"2020-05-12T15:00:20","modified_gmt":"2020-05-12T15:00:20","slug":"trabajadores-de-areas-verdes-recibieron-bono-de-reconocimiento","status":"publish","type":"post","link":"https:\/\/www.radiopresidenteibanez.cl\/web\/trabajadores-de-areas-verdes-recibieron-bono-de-reconocimiento\/","title":{"rendered":"TRABAJADORES DE \u00c1REAS VERDES RECIBIERON BONO DE RECONOCIMIENTO"},"content":{"rendered":"\n<p>El pasado 30 de abril, 135 trabajadores de la empresa \u00c1reas Verdes recibieron un bono cercano al mill\u00f3n de pesos, gracias a la gesti\u00f3n del Gobierno, y principalmente de la Subsecretar\u00eda de Desarrollo Regional, quienes adelantaron el pago de este incentivo, el cual es transferido a trav\u00e9s de la Municipalidad de Punta Arenas, quien como organismo mandante entrega los recursos a la empresa correspondiente, los que a su vez concretan el pago a los recolectores de residuos domiciliarios.<\/p>\n\n\n\n<p>Jacques Roux, jefe de la unidad regional de SUBDERE en Magallanes, dijo que \u201cel que reciban este bono los trabajadores del Aseo Domiciliario es una gran noticia, adem\u00e1s de que es un reconocimiento a la gran labor que realizan, y el Gobierno seguir\u00e1 trabajando para mejorar a\u00fan m\u00e1s las remuneraciones y calidad laboral de todos ellos\u201d.<\/p>\n\n\n\n<p>Por su parte el alcalde de la comuna, Claudio Radonich explic\u00f3 que \u00abcomo Municipalidad estamos supervisando que ellos tengan todos los elementos de protecci\u00f3n personal para realizar su trabajo de manera segura y acorde a la realidad que enfrentamos. As\u00ed que este bono del Gobierno es m\u00e1s que merecido, ya que ellos no han parado de trabajar pese a todo\u201d. A esto, la autoridad local agreg\u00f3 que \u201cen cuanto SUBDERE nos deposit\u00f3 los recursos, inmediatamente fueron traspasados a la Empresa \u00c1reas Verdes, quienes el pasado 30 de abril concretaron el pago\u00bb.<\/p>\n\n\n\n<p>Radonich catalog\u00f3 el bono como un buen reconocimiento a su trabajo, y extendi\u00f3 sus felicitaciones a todos ellos, porque \u201ccumplen una labor important\u00edsima para la conservaci\u00f3n de la ciudad\u201d, expuso.<\/p>\n\n\n\n<p>Cabe se\u00f1alar que estos dineros surgieron como resultado de una Mesa T\u00e9cnica de Trabajo de Recolectores de Residuos Domiciliarios, convocada en el primer gobierno del presidente Sebasti\u00e1n Pi\u00f1era, en 2013, y que determin\u00f3 que estuviese incluido en Ley de Presupuestos del a\u00f1o 2014, continuando as\u00ed hasta la fecha.<\/p>\n","protected":false},"excerpt":{"rendered":"<p>El pasado 30 de abril, 135 trabajadores de la empresa \u00c1reas Verdes recibieron un bono cercano al mill\u00f3n de pesos, gracias a la gesti\u00f3n del Gobierno, y principalmente de la&#8230; <a class=\"read-more\" href=\"https:\/\/www.radiopresidenteibanez.cl\/web\/trabajadores-de-areas-verdes-recibieron-bono-de-reconocimiento\/\">Leer m\u00e1s<\/a><\/p>\n","protected":false},"author":2,"featured_media":11851,"comment_status":"closed","ping_status":"closed","sticky":false,"template":"","format":"standard","meta":{"footnotes":""},"categories":[1],"tags":[],"class_list":["post-11850","post","type-post","status-publish","format-standard","has-post-thumbnail","hentry","category-cronica"],"_links":{"self":[{"href":"https:\/\/www.radiopresidenteibanez.cl\/web\/wp-json\/wp\/v2\/posts\/11850","targetHints":{"allow":["GET"]}}],"collection":[{"href":"https:\/\/www.radiopresidenteibanez.cl\/web\/wp-json\/wp\/v2\/posts"}],"about":[{"href":"https:\/\/www.radiopresidenteibanez.cl\/web\/wp-json\/wp\/v2\/types\/post"}],"author":[{"embeddable":true,"href":"https:\/\/www.radiopresidenteibanez.cl\/web\/wp-json\/wp\/v2\/users\/2"}],"replies":[{"embeddable":true,"href":"https:\/\/www.radiopresidenteibanez.cl\/web\/wp-json\/wp\/v2\/comments?post=11850"}],"version-history":[{"count":0,"href":"https:\/\/www.radiopresidenteibanez.cl\/web\/wp-json\/wp\/v2\/posts\/11850\/revisions"}],"wp:featuredmedia":[{"embeddable":true,"href":"https:\/\/www.radiopresidenteibanez.cl\/web\/wp-json\/wp\/v2\/media\/11851"}],"wp:attachment":[{"href":"https:\/\/www.radiopresidenteibanez.cl\/web\/wp-json\/wp\/v2\/media?parent=11850"}],"wp:term":[{"taxonomy":"category","embeddable":true,"href":"https:\/\/www.radiopresidenteibanez.cl\/web\/wp-json\/wp\/v2\/categories?post=11850"},{"taxonomy":"post_tag","embeddable":true,"href":"https:\/\/www.radiopresidenteibanez.cl\/web\/wp-json\/wp\/v2\/tags?post=11850"}],"curies":[{"name":"wp","href":"https:\/\/api.w.org\/{rel}","templated":true}]}}