{"id":11846,"date":"2020-05-12T12:51:22","date_gmt":"2020-05-12T12:51:22","guid":{"rendered":"https:\/\/www.radiopresidenteibanez.cl\/web\/?p=11846"},"modified":"2020-05-12T12:51:26","modified_gmt":"2020-05-12T12:51:26","slug":"gobierno-lanza-proyecto-que-conectara-a-10-000-colegios-del-pais-con-internet-de-alta-velocidad","status":"publish","type":"post","link":"https:\/\/www.radiopresidenteibanez.cl\/web\/gobierno-lanza-proyecto-que-conectara-a-10-000-colegios-del-pais-con-internet-de-alta-velocidad\/","title":{"rendered":"GOBIERNO LANZA PROYECTO QUE CONECTAR\u00c1 A 10.000 COLEGIOS DEL PA\u00cdS CON INTERNET DE ALTA VELOCIDAD"},"content":{"rendered":"\n<p>As\u00ed lo anunciaron los ministerios de Transportes y\nTelecomunicaciones (MTT) y de Educaci\u00f3n (Mineduc) al lanzar el proyecto\n\u201cConectividad para la Educaci\u00f3n 2030\u201d, en el marco de la celebraci\u00f3n del D\u00eda\ndel Alumno. <\/p>\n\n\n\n<p>Esta iniciativa busca mejorar el\nacceso a Internet de cerca de 10.000 establecimientos educacionales en 2021, y\ntambi\u00e9n incrementar gradualmente las velocidades de conexi\u00f3n hasta fines del\n2029, desde el promedio actual que ofrec\u00eda el Estado de 30 kbps por estudiante\na 100 kbps por estudiante al inicio del proyecto (y que se proyecta que\naumentar\u00e1 a 1.000 kbps al t\u00e9rmino del per\u00edodo de obligatoriedad de las bases),\nlo que posibilita actividades pedag\u00f3gicas con tecnolog\u00eda en el aula. De hecho,\nel proyecto permite que 2.586 escuelas puedan acceder a la red por primera vez,\nbeneficiando a alrededor de 530 mil estudiantes.<\/p>\n\n\n\n<p>De esta\nmanera, desde mayo de este a\u00f1o, la Subsecretar\u00eda de Telecomunicaciones (Subtel)\ncomenzar\u00e1 a trabajar en el llamado a licitaci\u00f3n a las empresas que est\u00e9n interesadas\nen conectar a los establecimientos educacionales para que, durante el segundo\nsemestre de 2020, el Mineduc habilite la plataforma de postulaci\u00f3n para\nescuelas municipales, particulares subvencionadas y\/o dependientes de Servicios\nLocales de Educaci\u00f3n (SLE) que quieran acceder a este programa, el cual busca\nequiparar a Chile con el est\u00e1ndar de pa\u00edses desarrollados y que cuenta con un\nsubsidio m\u00e1ximo de hasta $13.000 millones por a\u00f1o.<\/p>\n\n\n\n<p>As\u00ed\nlo destac\u00f3 el <strong>Seremi de Educaci\u00f3n, Rodrigo Sep\u00falveda Tagle.<\/strong> \u201cEl uso de\nla tecnolog\u00eda es clave para el futuro de los establecimientos y para asegurar\nque ni\u00f1os\/as y j\u00f3venes, no interrumpan su proceso formativo. Esta herramienta,\ncuando es bien utilizada, puede mejorar la experiencia de los estudiantes y\nfacilitar sus aprendizajes. Por ello, como Gobierno hemos acordado este trabajo\nconjunto para conectar a aquellos establecimientos que antes no contaban con\nconectividad alguna, otorgando mayor velocidad a los estudiante que facilitar\u00e1\nel uso de Internet en el aula y darle diferentes usos pedag\u00f3gicos, desde que un\ndocente pueda mostrar videos explicativos, hasta que los estudiantes puedan\nrealizar indagaciones. o usar un LMS (Learning Management System) en caso de\ncontar con acceso a computadores\u201d, dijo.<\/p>\n\n\n\n<p>A trav\u00e9s de esta iniciativa se\nbusca beneficiar al 99,9% de la matr\u00edcula del sistema, adem\u00e1s de ampliar el uso\neducativo de la conectividad al interior del aula. En esta l\u00ednea, para\nadherirse, los establecimientos educacionales del pa\u00eds deber\u00e1n confirmar su\nparticipaci\u00f3n a trav\u00e9s de sus sostenedores y realizar el proceso durante el\nsegundo semestre de este a\u00f1o en formato online. <\/p>\n\n\n\n<p>Por su parte, el <strong>Seremi de\nTransportes y Telecomunicaciones de Magallanes, Marco Mella,<\/strong> recalc\u00f3 que \u201cnuestra\nmisi\u00f3n como ministerio de Transportes y Telecomunicaciones es conectar Chile.\nEste proyecto nos permitir\u00e1 conectar los establecimientos que carecen de acceso\na Internet y mejorar la calidad y velocidad de la banda ancha de miles de\nescuelas y liceos que ya cuentan con conexi\u00f3n. Con ello el sistema educativo\nsubvencionado por el Estado estar\u00e1 dando un importante paso de cara a la\ndigitalizaci\u00f3n que hoy vive el mundo\u201d. <\/p>\n\n\n\n<p>Este\nproyecto cuenta con un importante subsidio estatal, que tiene un tope de\n$13.000 millones anuales y un incremento de 150% frente al presupuesto que fue\nadjudicado para la iniciativa Conectividad para la Educaci\u00f3n 1.0. <\/p>\n\n\n\n<p><strong>La tecnolog\u00eda al servicio de la educaci\u00f3n<\/strong><\/p>\n\n\n\n<p>En el contexto de la\nsuspensi\u00f3n de clases por la pandemia de COVID 19 que actualmente afecta al\npa\u00eds, el MINEDUC ha realizado una serie de medidas que buscan apoyar los\naprendizajes remotos de ni\u00f1os, ni\u00f1as y j\u00f3venes del pa\u00eds entre las cuales\nfiguran:<\/p>\n\n\n\n<ul class=\"wp-block-list\"><li>\u25cf&nbsp;&nbsp;&nbsp;&nbsp;&nbsp;\n<strong>Habilitaci\u00f3n\nde la plataforma aprendoenlinea.mineduc.cl<\/strong> para aprendizajes remotos de estudiantes de educaci\u00f3n\nb\u00e1sica y media del pa\u00eds. Tambi\u00e9n puso a disposici\u00f3n de estudiantes de 1ro a 3ro\nb\u00e1sico, el software gratuito <strong>\u201cAprendiendo\na leer con Bartolo\u201d<\/strong> que apoya el aprendizaje de lectura y escritura en\ncasa. Por su parte, los estudiantes que deban preparar&nbsp;la nueva prueba de admisi\u00f3n a la educaci\u00f3n\nsuperior&nbsp;2020, pueden acceder en esta web y de forma gratuita,a recursos que ofrecen los preuniversitarios Cpech, Pedro\nde Valdivia y Puntaje Nacional.<\/li><li><strong>Alianza Mineduc, Ministerio de Transportes y\nTelecomunicaciones y Asociaci\u00f3n de Telefon\u00eda M\u00f3vil (ATELMO):<\/strong> Los estudiantes pueden navegar de manera gratuita y sin\ndescontar tr\u00e1fico por el sitio <a href=\"http:\/\/www.mineducenlinea.cl\/\">aprendoenlinea.mineduc.cl<\/a> <\/li><li><strong>Distribuci\u00f3n de SIM Cards:<\/strong> Recientemente y gracias al apoyo de WOM, se entregaron 3.500\nSIM cards (chips) a estudiantes prioritarios\ndel pa\u00eds, beneficio que incluye un plan de 10 Gb y redes sociales liberadas por\nun per\u00edodo de tres meses.<\/li><li><strong>TV Educa Chile:<\/strong> Gracias a un esfuerzo coordinado\nentre en Consejo Nacional de Televisi\u00f3n (CNTV), los canales asociados a Anatel\ny MINEDUC se encuentra disponible un canal educativo de televisi\u00f3n, donde se emite el espacio <strong>Aprendo\nTV<\/strong> creado por el MINEDUC y TVN con\nc\u00e1psulas de asignaturas de primero a cuarto b\u00e1sico durante toda la semana. <\/li><li><strong>Entrega de computadores:<\/strong> Se adelant\u00f3 la\nentrega de m\u00e1s 122 mil computadores destinados a estudiantes de 7\u00b0 b\u00e1sico de los establecimientos p\u00fablicos y\nparticulares subvencionados m\u00e1s vulnerables del sistema educativo. El beneficio\ncorrespondiente a las&nbsp;Becas TIC de Junaeb que consisti\u00f3\nen la entrega gratuita de notebooks con 50 programas educativos y&nbsp;11 meses de acceso sin costo a Internet. <\/li><\/ul>\n\n\n\n<p>En esta l\u00ednea, a trav\u00e9s de\nun acuerdo con Movistar y Entel, se beneficiar\u00e1 a 110 mil estudiantes que\nrecibieron computadores del programa Becas TIC 2019 con la extensi\u00f3n de la\nbanda ancha m\u00f3vil (BAM) gratuita incluida en estos equipos, beneficio que\nestaba a punto de caducar, para as\u00ed continuar apoyando las clases a distancia\npor la emergencia sanitaria.<\/p>\n\n\n\n<ul class=\"wp-block-list\"><li><strong>Google Classroom:<\/strong> De cara a los equipos docentes, mediante el Centro de\nInnovaci\u00f3n del MINEDUC, se habilit\u00f3 el uso\ngratuito de esta herramienta que permite realizar clases online. A la fecha se\ncuenta con aproximadamente 2.500 establecimientos educacionales del pa\u00eds\ninscritos en la plataforma y 1.600 en proceso de inscripci\u00f3n. <\/li><li><strong>Entrega de materiales:<\/strong>\nSe entregaron cuadernillos de trabajo impresos\na m\u00e1s de 380 mil estudiantes de 1\u00b0 b\u00e1sico a 4\u00b0 medio de escuelas rurales\nde categor\u00eda de desempe\u00f1o insuficiente o de zonas que\ntienen baja o nula conectividad a Internet.\nEn total se benefici\u00f3 a cerca de 3.800\nestablecimientos de todo el pa\u00eds.<\/li><\/ul>\n","protected":false},"excerpt":{"rendered":"<p>As\u00ed lo anunciaron los ministerios de Transportes y Telecomunicaciones (MTT) y de Educaci\u00f3n (Mineduc) al lanzar el proyecto \u201cConectividad para la Educaci\u00f3n 2030\u201d, en el marco de la celebraci\u00f3n del&#8230; <a class=\"read-more\" href=\"https:\/\/www.radiopresidenteibanez.cl\/web\/gobierno-lanza-proyecto-que-conectara-a-10-000-colegios-del-pais-con-internet-de-alta-velocidad\/\">Leer m\u00e1s<\/a><\/p>\n","protected":false},"author":2,"featured_media":11847,"comment_status":"closed","ping_status":"closed","sticky":false,"template":"","format":"standard","meta":{"footnotes":""},"categories":[1],"tags":[],"class_list":["post-11846","post","type-post","status-publish","format-standard","has-post-thumbnail","hentry","category-cronica"],"_links":{"self":[{"href":"https:\/\/www.radiopresidenteibanez.cl\/web\/wp-json\/wp\/v2\/posts\/11846","targetHints":{"allow":["GET"]}}],"collection":[{"href":"https:\/\/www.radiopresidenteibanez.cl\/web\/wp-json\/wp\/v2\/posts"}],"about":[{"href":"https:\/\/www.radiopresidenteibanez.cl\/web\/wp-json\/wp\/v2\/types\/post"}],"author":[{"embeddable":true,"href":"https:\/\/www.radiopresidenteibanez.cl\/web\/wp-json\/wp\/v2\/users\/2"}],"replies":[{"embeddable":true,"href":"https:\/\/www.radiopresidenteibanez.cl\/web\/wp-json\/wp\/v2\/comments?post=11846"}],"version-history":[{"count":0,"href":"https:\/\/www.radiopresidenteibanez.cl\/web\/wp-json\/wp\/v2\/posts\/11846\/revisions"}],"wp:featuredmedia":[{"embeddable":true,"href":"https:\/\/www.radiopresidenteibanez.cl\/web\/wp-json\/wp\/v2\/media\/11847"}],"wp:attachment":[{"href":"https:\/\/www.radiopresidenteibanez.cl\/web\/wp-json\/wp\/v2\/media?parent=11846"}],"wp:term":[{"taxonomy":"category","embeddable":true,"href":"https:\/\/www.radiopresidenteibanez.cl\/web\/wp-json\/wp\/v2\/categories?post=11846"},{"taxonomy":"post_tag","embeddable":true,"href":"https:\/\/www.radiopresidenteibanez.cl\/web\/wp-json\/wp\/v2\/tags?post=11846"}],"curies":[{"name":"wp","href":"https:\/\/api.w.org\/{rel}","templated":true}]}}