{"id":11844,"date":"2020-05-12T12:45:46","date_gmt":"2020-05-12T12:45:46","guid":{"rendered":"https:\/\/www.radiopresidenteibanez.cl\/web\/?p=11844"},"modified":"2020-05-12T12:45:50","modified_gmt":"2020-05-12T12:45:50","slug":"edelmag-informa-sobre-corte-de-suministro-en-la-ciudad-de-punta-arenas","status":"publish","type":"post","link":"https:\/\/www.radiopresidenteibanez.cl\/web\/edelmag-informa-sobre-corte-de-suministro-en-la-ciudad-de-punta-arenas\/","title":{"rendered":"EDELMAG INFORMA SOBRE CORTE DE SUMINISTRO EN LA CIUDAD DE PUNTA ARENAS"},"content":{"rendered":"\n<p>Alrededor de las 7.35 de esta ma\u00f1ana, se produjo la interrupci\u00f3n del servicio el\u00e9ctrico en el sector del cerro Mirador, afectando a los clientes que all\u00ed se encuentran, entre ellos empresas de telecomunicaciones y medios de comunicaci\u00f3n que cuentan con sus antenas en dicha \u00e1rea.<\/p>\n\n\n\n<p>Inmediatamente personal de emergencia de EDELMAG &nbsp;y empresas contratistas se traslad\u00f3 al lugar para identificar el origen de la interrupci\u00f3n, detectando que una de las l\u00edneas de distribuci\u00f3n se encontraba cortada. Frente a lo anterior, ya se iniciaron las tareas destinadas a restituir el servicio de 324 clientes que se encuentran en ese sector donde adem\u00e1s se cuentan radios, canales de televisi\u00f3n y las parcelas de sector Monte Verde.<\/p>\n\n\n\n<p>Se estima que el servicio ser\u00e1 repuesto a las 10:30 horas aproximadamente.<\/p>\n","protected":false},"excerpt":{"rendered":"<p>Alrededor de las 7.35 de esta ma\u00f1ana, se produjo la interrupci\u00f3n del servicio el\u00e9ctrico en el sector del cerro Mirador, afectando a los clientes que all\u00ed se encuentran, entre ellos&#8230; <a class=\"read-more\" href=\"https:\/\/www.radiopresidenteibanez.cl\/web\/edelmag-informa-sobre-corte-de-suministro-en-la-ciudad-de-punta-arenas\/\">Leer m\u00e1s<\/a><\/p>\n","protected":false},"author":2,"featured_media":714,"comment_status":"closed","ping_status":"closed","sticky":false,"template":"","format":"standard","meta":{"footnotes":""},"categories":[1],"tags":[],"class_list":["post-11844","post","type-post","status-publish","format-standard","has-post-thumbnail","hentry","category-cronica"],"_links":{"self":[{"href":"https:\/\/www.radiopresidenteibanez.cl\/web\/wp-json\/wp\/v2\/posts\/11844","targetHints":{"allow":["GET"]}}],"collection":[{"href":"https:\/\/www.radiopresidenteibanez.cl\/web\/wp-json\/wp\/v2\/posts"}],"about":[{"href":"https:\/\/www.radiopresidenteibanez.cl\/web\/wp-json\/wp\/v2\/types\/post"}],"author":[{"embeddable":true,"href":"https:\/\/www.radiopresidenteibanez.cl\/web\/wp-json\/wp\/v2\/users\/2"}],"replies":[{"embeddable":true,"href":"https:\/\/www.radiopresidenteibanez.cl\/web\/wp-json\/wp\/v2\/comments?post=11844"}],"version-history":[{"count":0,"href":"https:\/\/www.radiopresidenteibanez.cl\/web\/wp-json\/wp\/v2\/posts\/11844\/revisions"}],"wp:featuredmedia":[{"embeddable":true,"href":"https:\/\/www.radiopresidenteibanez.cl\/web\/wp-json\/wp\/v2\/media\/714"}],"wp:attachment":[{"href":"https:\/\/www.radiopresidenteibanez.cl\/web\/wp-json\/wp\/v2\/media?parent=11844"}],"wp:term":[{"taxonomy":"category","embeddable":true,"href":"https:\/\/www.radiopresidenteibanez.cl\/web\/wp-json\/wp\/v2\/categories?post=11844"},{"taxonomy":"post_tag","embeddable":true,"href":"https:\/\/www.radiopresidenteibanez.cl\/web\/wp-json\/wp\/v2\/tags?post=11844"}],"curies":[{"name":"wp","href":"https:\/\/api.w.org\/{rel}","templated":true}]}}