{"id":11841,"date":"2020-05-12T01:30:46","date_gmt":"2020-05-12T01:30:46","guid":{"rendered":"https:\/\/www.radiopresidenteibanez.cl\/web\/?p=11841"},"modified":"2020-05-12T01:30:51","modified_gmt":"2020-05-12T01:30:51","slug":"multigremial-de-magallanes-convoca-a-movilizaciones-para-pronta-reapertura-del-comercio-en-punta-arenas","status":"publish","type":"post","link":"https:\/\/www.radiopresidenteibanez.cl\/web\/multigremial-de-magallanes-convoca-a-movilizaciones-para-pronta-reapertura-del-comercio-en-punta-arenas\/","title":{"rendered":"MULTIGREMIAL DE MAGALLANES CONVOCA A MOVILIZACIONES PARA PRONTA REAPERTURA DEL COMERCIO EN PUNTA ARENAS"},"content":{"rendered":"\n<p>Un llamado a movilizarse este martes 12 de mayo, a\npartir de las 11 horas en la Av. Err\u00e1zuriz 500 en direcci\u00f3n a la intendencia,\nfue el realizado por Ram\u00f3n Vargas, presidente de Multigremial Magallanes y\nFuerza Pyme, con el objetivo de impulsar la reactivaci\u00f3n econ\u00f3mica de la ciudad\ntras la paralizaci\u00f3n del comercio durante la cuarentena que se extendi\u00f3 por 40\nd\u00edas. <\/p>\n\n\n\n<p>En la convocatoria, adem\u00e1s, Vargas argumenta que\nhar\u00e1n entrega de una carta al Intendente de Magallanes, Jos\u00e9 Fern\u00e1ndez, con\nobjetivo de solicitar la pronta reapertura del comercio bajo estrictas medidas\nsanitarias y de seguridad. <\/p>\n\n\n\n<p>\u201cSin duda, el sector gastron\u00f3mico est\u00e1 pasando por\nmomentos dif\u00edciles. Me refiero a los caf\u00e9s y restaurantes, quienes est\u00e1n hace\nm\u00e1s de un mes paralizados sin poder producir. Por lo anterior, hacemos un\nen\u00e9rgico llamado para que ma\u00f1ana caminemos hasta la intendencia, donde haremos\nextensiva nuestra inquietud a la autoridad\u201d, subraya Vargas<\/p>\n\n\n\n<p>\u201cEn esta misiva queremos expresarle a las\nautoridades regionales y de salud, que nosotros estamos dispuestos a trabajar\nen un protocolo que nos permita la reapertura segura del mercado. Detr\u00e1s de\nFuerza Pyme hay 15 empresas que hoy est\u00e1n trabajando en todo lo que es la\nsanitizaci\u00f3n\u201d, sostiene.<\/p>\n\n\n\n<p>Finalmente, el l\u00edder gremial hace un llamado a las\nautoridades a colaborar con esta solicitud. \u201cEsperamos una pronta reapertura\ndel mercado en la comuna de Punta Arenas. Contamos con la capacidad para cuidar\na los nuestros y vamos a cumplir con todos los protocolos que hoy d\u00eda est\u00e1n\nestablecidos, con el objetivo de reactivar a la comuna que ha sido tan golpeada\npor la pandemia\u201d, enfatiza.<\/p>\n","protected":false},"excerpt":{"rendered":"<p>Un llamado a movilizarse este martes 12 de mayo, a partir de las 11 horas en la Av. Err\u00e1zuriz 500 en direcci\u00f3n a la intendencia, fue el realizado por Ram\u00f3n&#8230; <a class=\"read-more\" href=\"https:\/\/www.radiopresidenteibanez.cl\/web\/multigremial-de-magallanes-convoca-a-movilizaciones-para-pronta-reapertura-del-comercio-en-punta-arenas\/\">Leer m\u00e1s<\/a><\/p>\n","protected":false},"author":2,"featured_media":740,"comment_status":"closed","ping_status":"closed","sticky":false,"template":"","format":"standard","meta":{"footnotes":""},"categories":[1],"tags":[],"class_list":["post-11841","post","type-post","status-publish","format-standard","has-post-thumbnail","hentry","category-cronica"],"_links":{"self":[{"href":"https:\/\/www.radiopresidenteibanez.cl\/web\/wp-json\/wp\/v2\/posts\/11841","targetHints":{"allow":["GET"]}}],"collection":[{"href":"https:\/\/www.radiopresidenteibanez.cl\/web\/wp-json\/wp\/v2\/posts"}],"about":[{"href":"https:\/\/www.radiopresidenteibanez.cl\/web\/wp-json\/wp\/v2\/types\/post"}],"author":[{"embeddable":true,"href":"https:\/\/www.radiopresidenteibanez.cl\/web\/wp-json\/wp\/v2\/users\/2"}],"replies":[{"embeddable":true,"href":"https:\/\/www.radiopresidenteibanez.cl\/web\/wp-json\/wp\/v2\/comments?post=11841"}],"version-history":[{"count":0,"href":"https:\/\/www.radiopresidenteibanez.cl\/web\/wp-json\/wp\/v2\/posts\/11841\/revisions"}],"wp:featuredmedia":[{"embeddable":true,"href":"https:\/\/www.radiopresidenteibanez.cl\/web\/wp-json\/wp\/v2\/media\/740"}],"wp:attachment":[{"href":"https:\/\/www.radiopresidenteibanez.cl\/web\/wp-json\/wp\/v2\/media?parent=11841"}],"wp:term":[{"taxonomy":"category","embeddable":true,"href":"https:\/\/www.radiopresidenteibanez.cl\/web\/wp-json\/wp\/v2\/categories?post=11841"},{"taxonomy":"post_tag","embeddable":true,"href":"https:\/\/www.radiopresidenteibanez.cl\/web\/wp-json\/wp\/v2\/tags?post=11841"}],"curies":[{"name":"wp","href":"https:\/\/api.w.org\/{rel}","templated":true}]}}