{"id":1184,"date":"2019-02-07T18:38:42","date_gmt":"2019-02-07T18:38:42","guid":{"rendered":"http:\/\/www.radiopresidenteibanez.cl\/web\/?p=1184"},"modified":"2019-02-07T18:39:08","modified_gmt":"2019-02-07T18:39:08","slug":"fach-traslado-a-20-brigadistas-de-conaf-a-la-region-de-aysen","status":"publish","type":"post","link":"https:\/\/www.radiopresidenteibanez.cl\/web\/fach-traslado-a-20-brigadistas-de-conaf-a-la-region-de-aysen\/","title":{"rendered":"FACH TRASLAD\u00d3 A 20 BRIGADISTAS DE CONAF A LA REGI\u00d3N DE AYS\u00c9N"},"content":{"rendered":"\n<p>Durante la ma\u00f1ana de este jueves, un avi\u00f3n H\u00e9rcules C-130 de la Fuerza\nA\u00e9rea de Chile (FACh), despeg\u00f3 con 20 brigadistas de Corporaci\u00f3n Nacional\nForestal (Conaf) desde la Base A\u00e9rea Chabunco de la IV\u00aa Brigada A\u00e9rea con\ndestino a la ciudad de Cochrane, Regi\u00f3n de Ays\u00e9n. <\/p>\n\n\n\n<p>All\u00ed los j\u00f3venes de Punta Arenas, Puerto Natales y Porvenir apoyar\u00e1n el\ncombate de incendios forestales que afectan a esa comuna desde el pasado 5 de\nfebrero, y que se han propagado r\u00e1pidamente. <\/p>\n\n\n\n<p>El Comandante en Jefe de la IV<sup>a<\/sup> Brigada A\u00e9rea, Coronel de Aviaci\u00f3n\n(A), Marcelo Salinas manifest\u00f3 que \u201cla FACh siempre est\u00e1 dispuesta a prestar\ntodo el apoyo necesario en momentos de cat\u00e1strofes y emergencias, por eso hoy\nestamos trasladando con nuestros medios a estos j\u00f3venes de Magallanes que tienen\nun arduo trabajo por delante\u201d.<\/p>\n\n\n\n<p>Hasta la sala de embarque de la Base A\u00e9rea Chabunco llegaron el seremi\nde Agricultura, Jos\u00e9 Fern\u00e1ndez y el director regional de Conaf, Mauricio V\u00e9jar,\nquienes junto al Coronel Salinas desearon el mayor de los \u00e9xitos a los j\u00f3venes\nque cumplir\u00e1n con la misi\u00f3n de proteger la flora y fauna de la Regi\u00f3n de Ays\u00e9n.<\/p>\n","protected":false},"excerpt":{"rendered":"<p>Durante la ma\u00f1ana de este jueves, un avi\u00f3n H\u00e9rcules C-130 de la Fuerza A\u00e9rea de Chile (FACh), despeg\u00f3 con 20 brigadistas de Corporaci\u00f3n Nacional Forestal (Conaf) desde la Base A\u00e9rea&#8230; <a class=\"read-more\" href=\"https:\/\/www.radiopresidenteibanez.cl\/web\/fach-traslado-a-20-brigadistas-de-conaf-a-la-region-de-aysen\/\">Leer m\u00e1s<\/a><\/p>\n","protected":false},"author":2,"featured_media":1185,"comment_status":"closed","ping_status":"closed","sticky":false,"template":"","format":"standard","meta":{"footnotes":""},"categories":[1],"tags":[],"class_list":["post-1184","post","type-post","status-publish","format-standard","has-post-thumbnail","hentry","category-cronica"],"_links":{"self":[{"href":"https:\/\/www.radiopresidenteibanez.cl\/web\/wp-json\/wp\/v2\/posts\/1184","targetHints":{"allow":["GET"]}}],"collection":[{"href":"https:\/\/www.radiopresidenteibanez.cl\/web\/wp-json\/wp\/v2\/posts"}],"about":[{"href":"https:\/\/www.radiopresidenteibanez.cl\/web\/wp-json\/wp\/v2\/types\/post"}],"author":[{"embeddable":true,"href":"https:\/\/www.radiopresidenteibanez.cl\/web\/wp-json\/wp\/v2\/users\/2"}],"replies":[{"embeddable":true,"href":"https:\/\/www.radiopresidenteibanez.cl\/web\/wp-json\/wp\/v2\/comments?post=1184"}],"version-history":[{"count":0,"href":"https:\/\/www.radiopresidenteibanez.cl\/web\/wp-json\/wp\/v2\/posts\/1184\/revisions"}],"wp:featuredmedia":[{"embeddable":true,"href":"https:\/\/www.radiopresidenteibanez.cl\/web\/wp-json\/wp\/v2\/media\/1185"}],"wp:attachment":[{"href":"https:\/\/www.radiopresidenteibanez.cl\/web\/wp-json\/wp\/v2\/media?parent=1184"}],"wp:term":[{"taxonomy":"category","embeddable":true,"href":"https:\/\/www.radiopresidenteibanez.cl\/web\/wp-json\/wp\/v2\/categories?post=1184"},{"taxonomy":"post_tag","embeddable":true,"href":"https:\/\/www.radiopresidenteibanez.cl\/web\/wp-json\/wp\/v2\/tags?post=1184"}],"curies":[{"name":"wp","href":"https:\/\/api.w.org\/{rel}","templated":true}]}}